{"id":34616,"date":"2012-06-16T06:56:34","date_gmt":"2012-06-16T09:56:34","guid":{"rendered":"http:\/\/senoticias.com.br\/se\/?p=34616"},"modified":"2012-06-16T07:08:07","modified_gmt":"2012-06-16T10:08:07","slug":"clemida-da-show-de-irreverencia-e-vitalidade-na-abertura-do-forro-caju","status":"publish","type":"post","link":"https:\/\/senoticias.com.br\/se\/clemida-da-show-de-irreverencia-e-vitalidade-na-abertura-do-forro-caju\/","title":{"rendered":"Clemida d\u00e1 show de irrever\u00eancia e vitalidade na abertura do Forr\u00f3 Caju"},"content":{"rendered":"<p style=\"text-align: justify;\"><a href=\"http:\/\/senoticias.com.br\/se\/wp-content\/uploads\/2012\/06\/vcnoforro.png\"><img loading=\"lazy\" decoding=\"async\" class=\"alignleft size-medium wp-image-34620\" title=\"vcnoforro\" src=\"http:\/\/senoticias.com.br\/se\/wp-content\/uploads\/2012\/06\/vcnoforro-192x300.png\" alt=\"\" width=\"192\" height=\"300\" srcset=\"https:\/\/senoticias.com.br\/se\/wp-content\/uploads\/2012\/06\/vcnoforro-192x300.png 192w, https:\/\/senoticias.com.br\/se\/wp-content\/uploads\/2012\/06\/vcnoforro.png 263w\" sizes=\"(max-width: 192px) 100vw, 192px\" \/><\/a>Depois de longos meses de espera e ansiedade, os forrozeiros j\u00e1 come\u00e7am a ficar contagiados pelo maior S\u00e3o Jo\u00e3o do Brasil: o Forr\u00f3 Caju. Na sua 19\u00aa edi\u00e7\u00e3o, a festa re\u00fane mais de 180 artistas locais e nacionais, que ir\u00e3o se apresentar durante 14 dias para uma m\u00e9dia de 100 mil pessoas por noite. Seguindo tradicionalmente a sua programa\u00e7\u00e3o, mais uma vez o evento traz na noite de abertura a cantora Clemilda, carinhosamente conhecida como a Rainha do Forr\u00f3 sergipano.<\/p>\n<p style=\"text-align: justify;\">Alagoana de nascen\u00e7a, mas sergipana de cora\u00e7\u00e3o, Clemilda \u00e9 reconhecida por ser uma artista irreverente e alegre, mesclando na sua m\u00fasica a for\u00e7a do forr\u00f3 p\u00e9 de serra com letras jocosas e divertidas. A sua carreira teve in\u00edcio na d\u00e9cada de 60 quando come\u00e7ou a se apresentar em programas de calouro na regi\u00e3o Sudeste. Nessa mesma \u00e9poca, a forrozeira conheceu o seu marido, Gerson Filho, um dos mais respeitados sanfoneiros e conhecido pela arte de dominar a sanfona de fole de oito baixos.<\/p>\n<p style=\"text-align: justify;\">Aos 75 anos, a forrozeira esbanja vitalidade e uma enorme disposi\u00e7\u00e3o em manter os forrozeiros animados, e em nenhum momento demonstrou cansa\u00e7o, confirmando o seu posto de Rainha dos forrozeiros.<\/p>\n<p style=\"text-align: justify;\"><strong>Anima\u00e7\u00e3o<\/strong><\/p>\n<p style=\"text-align: justify;\">A chuva que insistia em cair na pra\u00e7a de eventos do Mercado Central n\u00e3o desmotivou o p\u00fablico do local. Empunhando guarda-chuvas ou usando capas de prote\u00e7\u00e3o, os forrozeiros n\u00e3o conseguiam ficar parados ao som dos grandes sucessos da artista como \u2018Prenda o Tadeu&#8217;, \u2018Saudade de Zetinha&#8217; e Talco no Sal\u00e3o&#8217;.<\/p>\n<p style=\"text-align: justify;\">Alguns f\u00e3s se aglomeraram na frente do palco e vibraram com a alegria e irrever\u00eancia da cantora. Esse foi o caso da baiana Eliana Franco que, mesmo residindo h\u00e1 25 anos na capital sergipana, participa pela primeira vez do evento e escolheu a noite de abertura para conferir de perto a for\u00e7a do forr\u00f3 p\u00e9 de serra na voz de Clemilda.<\/p>\n<p style=\"text-align: justify;\">&#8220;Estou encantada com a apresenta\u00e7\u00e3o de Clemilda. Tive a feliz sorte de ainda conferir a apresenta\u00e7\u00e3o dessa grande artista. Nunca tive chance de vir \u00e0 festa, mas decidi comparecer e logo de cara sou agraciada com esse belo espet\u00e1culo&#8221;, afirma.<\/p>\n<p style=\"text-align: justify;\">\n<p><strong>por Andreza Lisboa\/AAN<\/strong><\/p>\n","protected":false},"excerpt":{"rendered":"<p>Depois de longos meses de espera e ansiedade, os forrozeiros j\u00e1 come\u00e7am a ficar contagiados pelo maior S\u00e3o Jo\u00e3o do Brasil: o Forr\u00f3 Caju. Na sua 19\u00aa edi\u00e7\u00e3o, a festa re\u00fane mais de 180 artistas locais e nacionais, que ir\u00e3o se apresentar durante 14 dias para uma m\u00e9dia de 100 mil pessoas por noite. Seguindo [&hellip;]<\/p>\n","protected":false},"author":3,"featured_media":34620,"comment_status":"closed","ping_status":"closed","sticky":false,"template":"","format":"standard","meta":{"footnotes":""},"categories":[160],"tags":[],"class_list":{"0":"post-34616","1":"post","2":"type-post","3":"status-publish","4":"format-standard","5":"has-post-thumbnail","7":"category-festas-juninas"},"_links":{"self":[{"href":"https:\/\/senoticias.com.br\/se\/wp-json\/wp\/v2\/posts\/34616"}],"collection":[{"href":"https:\/\/senoticias.com.br\/se\/wp-json\/wp\/v2\/posts"}],"about":[{"href":"https:\/\/senoticias.com.br\/se\/wp-json\/wp\/v2\/types\/post"}],"author":[{"embeddable":true,"href":"https:\/\/senoticias.com.br\/se\/wp-json\/wp\/v2\/users\/3"}],"replies":[{"embeddable":true,"href":"https:\/\/senoticias.com.br\/se\/wp-json\/wp\/v2\/comments?post=34616"}],"version-history":[{"count":0,"href":"https:\/\/senoticias.com.br\/se\/wp-json\/wp\/v2\/posts\/34616\/revisions"}],"wp:featuredmedia":[{"embeddable":true,"href":"https:\/\/senoticias.com.br\/se\/wp-json\/wp\/v2\/media\/34620"}],"wp:attachment":[{"href":"https:\/\/senoticias.com.br\/se\/wp-json\/wp\/v2\/media?parent=34616"}],"wp:term":[{"taxonomy":"category","embeddable":true,"href":"https:\/\/senoticias.com.br\/se\/wp-json\/wp\/v2\/categories?post=34616"},{"taxonomy":"post_tag","embeddable":true,"href":"https:\/\/senoticias.com.br\/se\/wp-json\/wp\/v2\/tags?post=34616"}],"curies":[{"name":"wp","href":"https:\/\/api.w.org\/{rel}","templated":true}]}}