{"id":34609,"date":"2012-06-16T06:42:47","date_gmt":"2012-06-16T09:42:47","guid":{"rendered":"http:\/\/senoticias.com.br\/se\/?p=34609"},"modified":"2012-06-16T06:44:10","modified_gmt":"2012-06-16T09:44:10","slug":"enem-tem-recorde-de-64-milhoes-de-inscritos-estudantes-podem-pagar-taxa-ate-o-dia-20","status":"publish","type":"post","link":"https:\/\/senoticias.com.br\/se\/enem-tem-recorde-de-64-milhoes-de-inscritos-estudantes-podem-pagar-taxa-ate-o-dia-20\/","title":{"rendered":"Enem tem recorde de 6,4 milh\u00f5es de inscritos; estudantes podem pagar taxa at\u00e9 o dia 20"},"content":{"rendered":"<p style=\"text-align: justify;\"><a href=\"http:\/\/senoticias.com.br\/se\/wp-content\/uploads\/2012\/06\/Enem-2012.jpeg\"><img loading=\"lazy\" decoding=\"async\" class=\"alignleft size-full wp-image-34610\" title=\"Enem 2012\" src=\"http:\/\/senoticias.com.br\/se\/wp-content\/uploads\/2012\/06\/Enem-2012.jpeg\" alt=\"\" width=\"259\" height=\"194\" srcset=\"https:\/\/senoticias.com.br\/se\/wp-content\/uploads\/2012\/06\/Enem-2012.jpeg 259w, https:\/\/senoticias.com.br\/se\/wp-content\/uploads\/2012\/06\/Enem-2012-60x45.jpg 60w, https:\/\/senoticias.com.br\/se\/wp-content\/uploads\/2012\/06\/Enem-2012-150x113.jpg 150w\" sizes=\"(max-width: 259px) 100vw, 259px\" \/><\/a>O Enem (Exame Nacional do Ensino M\u00e9dio) 2012 recebeu o n\u00famero recorde de 6.497.466 inscri\u00e7\u00f5es, divulgou o MEC (Minist\u00e9rio da Educa\u00e7\u00e3o) neste s\u00e1bado (16). S\u00e3o Paulo (1.068.517), Minas Gerais (723.644), Rio de Janeiro (474.046), Bahia (458.101) e Rio Grande do Sul (394.641) s\u00e3o os Estados com o maior n\u00famero de inscritos. As provas acontecem nos dias 3 e 4 de novembro.<\/p>\n<p style=\"text-align: justify;\">A taxa de inscri\u00e7\u00e3o, de R$ 35, pode ser paga at\u00e9 20 de junho, por meio do boleto gerado na inscri\u00e7\u00e3o. Alunos que estejam cursando o 3\u00ba ano do ensino m\u00e9dio em escola p\u00fablica est\u00e3o isentos do pagamento.<\/p>\n<p style=\"text-align: justify;\">O edital que informa a realiza\u00e7\u00e3o do Enem 2012 e estabelece prazos e procedimentos dessa edi\u00e7\u00e3o do exame foi publicado no dia 25 de maio, no Di\u00e1rio Oficial da Uni\u00e3o.<\/p>\n<p style=\"text-align: justify;\">As provas ser\u00e3o aplicadas nos dias 3 e 4 de novembro. No primeiro dia do exame, os participantes ter\u00e3o quatro horas e meia para responder as quest\u00f5es de ci\u00eancias humanas e da natureza. No segundo, ser\u00e1 a vez das provas de matem\u00e1tica e linguagens, al\u00e9m da reda\u00e7\u00e3o, com um total de cinco horas e meia de dura\u00e7\u00e3o. A divulga\u00e7\u00e3o do gabarito est\u00e1 prevista para o dia 7 de novembro, e o resultado final deve sair em 28 de dezembro.<\/p>\n<p style=\"text-align: justify;\">Desde 2009, o Enem ganhou mais import\u00e2ncia porque passou a ser usado por institui\u00e7\u00f5es p\u00fablicas de ensino superior como crit\u00e9rio de sele\u00e7\u00e3o em substitui\u00e7\u00e3o aos vestibulares tradicionais. A prova tamb\u00e9m \u00e9 pr\u00e9-requisito para quem quer participar de programas de acesso ao ensino superior, como o Fies (Fundo de Financiamento Estudantil), o Prouni (Programa Universidade para Todos) e o Ci\u00eancia sem Fronteiras.<\/p>\n<p style=\"text-align: justify;\"><em><strong>Do UOL, em S\u00e3o Paulo<\/strong><\/em><\/p>\n","protected":false},"excerpt":{"rendered":"<p>O Enem (Exame Nacional do Ensino M\u00e9dio) 2012 recebeu o n\u00famero recorde de 6.497.466 inscri\u00e7\u00f5es, divulgou o MEC (Minist\u00e9rio da Educa\u00e7\u00e3o) neste s\u00e1bado (16). S\u00e3o Paulo (1.068.517), Minas Gerais (723.644), Rio de Janeiro (474.046), Bahia (458.101) e Rio Grande do Sul (394.641) s\u00e3o os Estados com o maior n\u00famero de inscritos. As provas acontecem nos [&hellip;]<\/p>\n","protected":false},"author":3,"featured_media":34610,"comment_status":"closed","ping_status":"closed","sticky":false,"template":"","format":"standard","meta":{"footnotes":""},"categories":[15,44,26],"tags":[],"class_list":{"0":"post-34609","1":"post","2":"type-post","3":"status-publish","4":"format-standard","5":"has-post-thumbnail","7":"category-destaques","8":"category-educacao","9":"category-esportes"},"_links":{"self":[{"href":"https:\/\/senoticias.com.br\/se\/wp-json\/wp\/v2\/posts\/34609"}],"collection":[{"href":"https:\/\/senoticias.com.br\/se\/wp-json\/wp\/v2\/posts"}],"about":[{"href":"https:\/\/senoticias.com.br\/se\/wp-json\/wp\/v2\/types\/post"}],"author":[{"embeddable":true,"href":"https:\/\/senoticias.com.br\/se\/wp-json\/wp\/v2\/users\/3"}],"replies":[{"embeddable":true,"href":"https:\/\/senoticias.com.br\/se\/wp-json\/wp\/v2\/comments?post=34609"}],"version-history":[{"count":0,"href":"https:\/\/senoticias.com.br\/se\/wp-json\/wp\/v2\/posts\/34609\/revisions"}],"wp:featuredmedia":[{"embeddable":true,"href":"https:\/\/senoticias.com.br\/se\/wp-json\/wp\/v2\/media\/34610"}],"wp:attachment":[{"href":"https:\/\/senoticias.com.br\/se\/wp-json\/wp\/v2\/media?parent=34609"}],"wp:term":[{"taxonomy":"category","embeddable":true,"href":"https:\/\/senoticias.com.br\/se\/wp-json\/wp\/v2\/categories?post=34609"},{"taxonomy":"post_tag","embeddable":true,"href":"https:\/\/senoticias.com.br\/se\/wp-json\/wp\/v2\/tags?post=34609"}],"curies":[{"name":"wp","href":"https:\/\/api.w.org\/{rel}","templated":true}]}}