{"id":34600,"date":"2012-06-15T22:27:58","date_gmt":"2012-06-16T01:27:58","guid":{"rendered":"http:\/\/senoticias.com.br\/se\/?p=34600"},"modified":"2012-06-15T22:30:17","modified_gmt":"2012-06-16T01:30:17","slug":"prefeito-cesar-mandarino-perde-dois-aliados-para-as-eleicoes-municipais","status":"publish","type":"post","link":"https:\/\/senoticias.com.br\/se\/prefeito-cesar-mandarino-perde-dois-aliados-para-as-eleicoes-municipais\/","title":{"rendered":"Prefeito C\u00e9sar Mandarino perde dois aliados para as elei\u00e7\u00f5es municipais"},"content":{"rendered":"<div id=\"attachment_34601\" style=\"width: 235px\" class=\"wp-caption alignleft\"><a href=\"http:\/\/senoticias.com.br\/se\/wp-content\/uploads\/2012\/06\/Faustinho-Sobral.jpg\"><img loading=\"lazy\" decoding=\"async\" aria-describedby=\"caption-attachment-34601\" class=\"size-medium wp-image-34601\" title=\"Faustinho Sobral\" src=\"http:\/\/senoticias.com.br\/se\/wp-content\/uploads\/2012\/06\/Faustinho-Sobral-225x300.jpg\" alt=\"\" width=\"225\" height=\"300\" srcset=\"https:\/\/senoticias.com.br\/se\/wp-content\/uploads\/2012\/06\/Faustinho-Sobral-225x300.jpg 225w, https:\/\/senoticias.com.br\/se\/wp-content\/uploads\/2012\/06\/Faustinho-Sobral-342x456.jpg 342w, https:\/\/senoticias.com.br\/se\/wp-content\/uploads\/2012\/06\/Faustinho-Sobral-300x400.jpg 300w, https:\/\/senoticias.com.br\/se\/wp-content\/uploads\/2012\/06\/Faustinho-Sobral.jpg 720w\" sizes=\"(max-width: 225px) 100vw, 225px\" \/><\/a><p id=\"caption-attachment-34601\" class=\"wp-caption-text\">O entendimento de Faustinho Sobral, a pr\u00e9-candidatura de Gracinha representa o desenvolvimento de Itaporanga. (Reprodu\u00e7\u00e3o)<\/p><\/div>\n<p style=\"text-align: justify;\">O prefeito de Itaporanga, C\u00e9sar Mandarino, acaba de perder dois dos seus principais aliados para as elei\u00e7\u00f5es municipais. S\u00e3o eles: Faustinho Sobral do PSB e Marcelo Anchieta PSL, que v\u00e3o apoiar a pr\u00e9-candidata, Maria das Gra\u00e7as Garcez, \u201cGracinha\u201d.<\/p>\n<p style=\"text-align: justify;\">No entendimento de Faustinho Sobral e Marcelo Anchieta, a pr\u00e9-candidatura de Gracinha representa o desenvolvimento de Itaporanga, a perspectiva de crescimento e o adeus ao retrocesso e autoritarismo.<\/p>\n<p style=\"text-align: justify;\">Para Faustinho Sobral, pol\u00edtica tem que ser feita, atrav\u00e9s de um grupo e n\u00e3o aonde apenas um toma as decis\u00f5es. \u201cPSDB, PSB e PSL v\u00e3o marchar juntos para levar Gracinha a maior vit\u00f3ria de todos os tempos de Itaporanga\u201d, disse ele, acrescentando que o povo quer mudan\u00e7a e n\u00e3o ag\u00fcenta mais Mandarino na prefeitura.<\/p>\n<p style=\"text-align: justify;\"><strong>Ponte do Rio Fundo do Ponto, em Itaporanga, pode cair<\/strong><br \/>\nApesar de v\u00e1rios apelos feitos pelos moradores do povoado Rio Fundo do Ponto, com rela\u00e7\u00e3o<\/p>\n<div id=\"attachment_34602\" style=\"width: 310px\" class=\"wp-caption alignright\"><a href=\"http:\/\/senoticias.com.br\/se\/wp-content\/uploads\/2012\/06\/ponteriofundo5.jpg\"><img loading=\"lazy\" decoding=\"async\" aria-describedby=\"caption-attachment-34602\" class=\"size-medium wp-image-34602\" title=\"ponteriofundo5\" src=\"http:\/\/senoticias.com.br\/se\/wp-content\/uploads\/2012\/06\/ponteriofundo5-300x225.jpg\" alt=\"\" width=\"300\" height=\"225\" srcset=\"https:\/\/senoticias.com.br\/se\/wp-content\/uploads\/2012\/06\/ponteriofundo5-300x225.jpg 300w, https:\/\/senoticias.com.br\/se\/wp-content\/uploads\/2012\/06\/ponteriofundo5-342x256.jpg 342w, https:\/\/senoticias.com.br\/se\/wp-content\/uploads\/2012\/06\/ponteriofundo5-60x45.jpg 60w, https:\/\/senoticias.com.br\/se\/wp-content\/uploads\/2012\/06\/ponteriofundo5-150x113.jpg 150w, https:\/\/senoticias.com.br\/se\/wp-content\/uploads\/2012\/06\/ponteriofundo5-269x201.jpg 269w, https:\/\/senoticias.com.br\/se\/wp-content\/uploads\/2012\/06\/ponteriofundo5.jpg 768w\" sizes=\"(max-width: 300px) 100vw, 300px\" \/><\/a><p id=\"caption-attachment-34602\" class=\"wp-caption-text\">Ponte do Rio Fundo do Ponto, em Itaporanga, pode cair. (Foto: Carlinhos Amorim)<\/p><\/div>\n<p style=\"text-align: justify;\">\u00e0s p\u00e9ssimas condi\u00e7\u00f5es de uma ponte, que serve de travessia para ve\u00edculos, bicicletas e carro\u00e7as, mas at\u00e9 agora nenhuma provid\u00eancia foi tomada pela Prefeitura de Itaporanga.<\/p>\n<p style=\"text-align: justify;\">A professora Rosy Andrade, disse que o transporte escolar passa todos os dias no local e a qualquer momento pode ter um acidente, envolvendo os alunos. \u201c O munic\u00edpio n\u00e3o pode reclamar que n\u00e3o foi avisado, muito pelo contr\u00e1rio, dezenas de pessoas fizeram o apelo, mas n\u00e3o obtiveram sucesso.<\/p>\n<p style=\"text-align: justify;\"><strong>Carlinhos da Padaria \u00e9 a favor da pr\u00e1tica de esporte<\/strong><br \/>\nO comerciante, Carlinhos da Padaria, afirmou que uma das sa\u00eddas para afastar o jovem do caminho das drogas \u00e9 investir no esporte. Para ele, Itaporanga tem um grande potencial para o esporte, revelando atletas de diversas modalidades esportivas para Sergipe e para o Brasil.<\/p>\n<p style=\"text-align: justify;\">Carlinhos disse que o ex-vereador e jogador de futebol, M\u00e1rio Jorge, deixou um exemplo claro que o esporte dignifica o ser humano e projeta a cidade em n\u00edvel estadual.<\/p>\n<p style=\"text-align: justify;\">\u201cSempre quando algu\u00e9m falava em esporte, relacionava \u00e0 imagem de M\u00e1rio Jorge a cidade de Itaporanga\u201d, disse Carlinhos, acrescentando que M\u00e1rio Jorge, mesmo sem exercer nenhum cargo no munic\u00edpio, ainda sim divulgava o nome da cidade gratuitamente nos ve\u00edculos de comunica\u00e7\u00e3o.<\/p>\n<p style=\"text-align: justify;\">Carlinhos destacou que qualquer administrador que assuma uma prefeitura tem o compromisso com o desenvolvimento do esporte, mas n\u00e3o se trata de comprar jogo de camisa e distribuir material esportivo e sim ter um projeto que contempla todas as faixas et\u00e1rias, com o objetivo de incentivar a pr\u00e1tica esportiva, diminuindo o consumo de drogas e melhorando a qualidade de vida dos itaporanguenses.<\/p>\n<p style=\"text-align: justify;\">\n","protected":false},"excerpt":{"rendered":"<p>O prefeito de Itaporanga, C\u00e9sar Mandarino, acaba de perder dois dos seus principais aliados para as elei\u00e7\u00f5es municipais. S\u00e3o eles: Faustinho Sobral do PSB e Marcelo Anchieta PSL, que v\u00e3o apoiar a pr\u00e9-candidata, Maria das Gra\u00e7as Garcez, \u201cGracinha\u201d. No entendimento de Faustinho Sobral e Marcelo Anchieta, a pr\u00e9-candidatura de Gracinha representa o desenvolvimento de Itaporanga, [&hellip;]<\/p>\n","protected":false},"author":3,"featured_media":34601,"comment_status":"closed","ping_status":"closed","sticky":false,"template":"","format":"standard","meta":{"footnotes":""},"categories":[6],"tags":[],"class_list":{"0":"post-34600","1":"post","2":"type-post","3":"status-publish","4":"format-standard","5":"has-post-thumbnail","7":"category-politica"},"_links":{"self":[{"href":"https:\/\/senoticias.com.br\/se\/wp-json\/wp\/v2\/posts\/34600"}],"collection":[{"href":"https:\/\/senoticias.com.br\/se\/wp-json\/wp\/v2\/posts"}],"about":[{"href":"https:\/\/senoticias.com.br\/se\/wp-json\/wp\/v2\/types\/post"}],"author":[{"embeddable":true,"href":"https:\/\/senoticias.com.br\/se\/wp-json\/wp\/v2\/users\/3"}],"replies":[{"embeddable":true,"href":"https:\/\/senoticias.com.br\/se\/wp-json\/wp\/v2\/comments?post=34600"}],"version-history":[{"count":0,"href":"https:\/\/senoticias.com.br\/se\/wp-json\/wp\/v2\/posts\/34600\/revisions"}],"wp:featuredmedia":[{"embeddable":true,"href":"https:\/\/senoticias.com.br\/se\/wp-json\/wp\/v2\/media\/34601"}],"wp:attachment":[{"href":"https:\/\/senoticias.com.br\/se\/wp-json\/wp\/v2\/media?parent=34600"}],"wp:term":[{"taxonomy":"category","embeddable":true,"href":"https:\/\/senoticias.com.br\/se\/wp-json\/wp\/v2\/categories?post=34600"},{"taxonomy":"post_tag","embeddable":true,"href":"https:\/\/senoticias.com.br\/se\/wp-json\/wp\/v2\/tags?post=34600"}],"curies":[{"name":"wp","href":"https:\/\/api.w.org\/{rel}","templated":true}]}}