{"id":34595,"date":"2012-06-15T19:04:31","date_gmt":"2012-06-15T22:04:31","guid":{"rendered":"http:\/\/senoticias.com.br\/se\/?p=34595"},"modified":"2012-06-15T19:04:31","modified_gmt":"2012-06-15T22:04:31","slug":"prefeito-de-aracaju-da-posse-a-100-guardas-municipais","status":"publish","type":"post","link":"https:\/\/senoticias.com.br\/se\/prefeito-de-aracaju-da-posse-a-100-guardas-municipais\/","title":{"rendered":"Prefeito de Aracaju d\u00e1 posse a 100 guardas municipais"},"content":{"rendered":"<div id=\"attachment_34596\" style=\"width: 310px\" class=\"wp-caption alignleft\"><a href=\"http:\/\/senoticias.com.br\/se\/wp-content\/uploads\/2012\/06\/posse_dos_guardas_municipais_foto_cesar_de_oliveira.jpg\"><img loading=\"lazy\" decoding=\"async\" aria-describedby=\"caption-attachment-34596\" class=\"size-medium wp-image-34596\" title=\"posse_dos_guardas_municipais_foto_cesar_de_oliveira\" src=\"http:\/\/senoticias.com.br\/se\/wp-content\/uploads\/2012\/06\/posse_dos_guardas_municipais_foto_cesar_de_oliveira-300x199.jpg\" alt=\"\" width=\"300\" height=\"199\" srcset=\"https:\/\/senoticias.com.br\/se\/wp-content\/uploads\/2012\/06\/posse_dos_guardas_municipais_foto_cesar_de_oliveira-300x199.jpg 300w, https:\/\/senoticias.com.br\/se\/wp-content\/uploads\/2012\/06\/posse_dos_guardas_municipais_foto_cesar_de_oliveira-342x227.jpg 342w, https:\/\/senoticias.com.br\/se\/wp-content\/uploads\/2012\/06\/posse_dos_guardas_municipais_foto_cesar_de_oliveira.jpg 640w\" sizes=\"(max-width: 300px) 100vw, 300px\" \/><\/a><p id=\"caption-attachment-34596\" class=\"wp-caption-text\">O prefeito fez quest\u00e3o de ler o nome dos 100 novos guardas e dos 30 que receberam suas promo\u00e7\u00f5es.(Foto: C\u00e9sar de Oliveira)<\/p><\/div>\n<p style=\"text-align: justify;\">Profissionais concursados, bem preparados, com porte de arma, recebendo sal\u00e1rios dignos e que ir\u00e3o atuar em uma institui\u00e7\u00e3o moderna e bem estruturada. Essa \u00e9 a realidade encontrada pelos 100 novos guardas municipais que foram empossados na manh\u00e3 desta sexta-feira, 15, pelo prefeito de Aracaju, Edvaldo Nogueira. Durante o evento, realizado no audit\u00f3rio do Banese, o chefe do executivo municipal tamb\u00e9m promoveu por avan\u00e7o vertical da classe operacional, 30 guardas que passam do n\u00edvel II para o III.<\/p>\n<p style=\"text-align: justify;\">Ap\u00f3s a assinatura do termo de posse e de promo\u00e7\u00e3o, a guarda Lorena de G\u00f3is, que passou no concurso em primeiro lugar, falou em nome de todos os aprovados. Ela destacou que, apesar de existir h\u00e1 tanto tempo, a Guarda apenas conseguiu mostrar seus reais objetivos nos \u00faltimos dez anos. &#8220;E isso tem ocorrido de forma t\u00e3o not\u00f3ria que hoje a Guarda Municipal de Aracaju \u00e9 amplamente reconhecida pelos relevantes servi\u00e7os prestados \u00e0 sociedade aracajuana&#8221;, afirma.<\/p>\n<p style=\"text-align: justify;\">Lorena agradeceu ao prefeito pela realiza\u00e7\u00e3o do concurso. &#8220;Devemos, a partir de hoje, nos encher de orgulho em poder representar a Guarda Municipal de Aracaju e agradecer, primeiramente a Deus, por esta merecida conquista, nossos pais, familiares, amigos e especialmente ao prefeito Edvaldo Nogueira que, com muita aud\u00e1cia e dedica\u00e7\u00e3o, conseguiu de forma extraordin\u00e1ria realizar um concurso t\u00e3o complexo em t\u00e3o pouco tempo e ainda concluir no dia de hoje a nossa realiza\u00e7\u00e3o como novos servidores p\u00fablicos municipais&#8221;, frisou.<\/p>\n<p style=\"text-align: justify;\"><strong>Valoriza\u00e7\u00e3o<\/strong><\/p>\n<p style=\"text-align: justify;\">O guarda municipal, Wilton Rodrigues de Jesus, recebeu com alegria a promo\u00e7\u00e3o para GM3. Visivelmente emocionado, ele agradeceu ao prefeito e ao major Ed\u00eanisson Paix\u00e3o, diretor da GMA, pela valoriza\u00e7\u00e3o da corpora\u00e7\u00e3o. &#8220;Quero parabenizar o major Ed\u00eanisson pelo brilhante trabalho \u00e0 frente da Guarda e queremos agradecer ao prefeito pelo empenho na valoriza\u00e7\u00e3o da categoria, pelo trabalho de reestrutura\u00e7\u00e3o, moderniza\u00e7\u00e3o e valoriza\u00e7\u00e3o da Guarda Municipal e a qualifica\u00e7\u00e3o dos seus integrantes. Eu levaria aqui bastante tempo detalhando cada uma dessas situa\u00e7\u00f5es, contudo, quero resumi-las em duas simples palavras: muito obrigado&#8221;, disse.<\/p>\n<p style=\"text-align: justify;\"><strong>Constru\u00e7\u00e3o<\/strong><\/p>\n<p style=\"text-align: justify;\">O prefeito fez quest\u00e3o de ler o nome dos 100 novos guardas e dos 30 que receberam suas promo\u00e7\u00f5es. Para ele, o momento \u00e9 muito significativo, pois coroa o processo de constru\u00e7\u00e3o da institui\u00e7\u00e3o no munic\u00edpio de Aracaju. &#8220;Quando chegamos na Prefeitura em 2000, com Marcelo D\u00e9da prefeito e eu vice, a Guarda existia, mas de maneira muito prec\u00e1ria. Era composta de cargos comissionados, n\u00e3o existia carreira, n\u00e3o tinha concurso, nem curso de forma\u00e7\u00e3o inicial. Trabalhamos ent\u00e3o para profissionalizar a GM e construir uma institui\u00e7\u00e3o que pudesse, dentro dos preceitos constitucionais, colaborar com a seguran\u00e7a p\u00fablica no Estado&#8221;, frisou.<\/p>\n<p style=\"text-align: justify;\">Lembrando que pesquisas mostram que a seguran\u00e7a \u00e9 uma das grandes preocupa\u00e7\u00f5es da sociedade moderna, Edvaldo destacou que hoje a corpora\u00e7\u00e3o ainda tem grandes desafios a enfrentar, mas que se encontra hoje bem estruturada. &#8220;Estamos diante de um grande desafio que \u00e9 o de combater a viol\u00eancia e para isso precisamos dotar nossa cidade de instrumentos capazes de instrumentos capazes de enfrentar e reprimir esse mal que tanto preocupa a sociedade&#8221;, pontuou o prefeito.<\/p>\n<p style=\"text-align: justify;\">O chefe do executivo municipal falou sobre os principais avan\u00e7os implementados na Guarda Municipal de Aracaju. &#8220;Investimos na aplica\u00e7\u00e3o de recursos que possibilitaram um aparelhamento nunca visto na hist\u00f3ria da Guarda em nossa cidade e colocamos em pr\u00e1tica o plano de carreira, fizemos a compra de viaturas, motos, bicicletas, conquistamos o porte de arma, promovemos cursos de forma\u00e7\u00e3o e hoje \u00e9 com grande felicidade que estamos ampliando o efetivo&#8221;, enfatizou.<\/p>\n<p style=\"text-align: justify;\"><strong>Atua\u00e7\u00e3o<\/strong><\/p>\n<p style=\"text-align: justify;\">De acordo com o major Ed\u00eanisson, a sociedade \u00e9 a maior beneficiada com a contrata\u00e7\u00e3o dos novos guardas. &#8220;Eles j\u00e1 come\u00e7am a trabalhar agora no Forr\u00f3 Caju, realizando um servi\u00e7o simples, que \u00e9 na revista dos port\u00f5es, acompanhados pelos guardas antigos. Ap\u00f3s o t\u00e9rmino do Forr\u00f3 Caju eles retornam para as salas de aula para aprenderem mais sobre suas fun\u00e7\u00f5es e ent\u00e3o eles ser\u00e3o direcionados para as diversas modalidades de servi\u00e7o da Guarda Municipal de Aracaju&#8221;, explicou o diretor da Guarda.<\/p>\n<p style=\"text-align: justify;\"><strong>Efetivo<\/strong><\/p>\n<p style=\"text-align: justify;\">Com a contrata\u00e7\u00e3o dos 100 concursados, o efetivo sobe de 350 para 450 guardas. Al\u00e9m da moderniza\u00e7\u00e3o da corpora\u00e7\u00e3o por meio da compra de equipamentos que possibilitam condi\u00e7\u00f5es de trabalho dignas, a Prefeitura investiu ainda na qualifica\u00e7\u00e3o e valoriza\u00e7\u00e3o dos profissionais. Em mar\u00e7o deste ano, os Guardas Municipais receberam a not\u00edcia de que teriam incorporada aos seus sal\u00e1rios, a gratifica\u00e7\u00e3o especial de seguran\u00e7a p\u00fablica em duas parcelas: janeiro e dezembro. Eles tamb\u00e9m tiveram incorporadas ao sal\u00e1rio a gratifica\u00e7\u00e3o de periculosidade (30%) e passaram a receber o aux\u00edlio uniforme no valor de R$ 820 reais.<\/p>\n<p style=\"text-align: justify;\"><em><strong>Ag\u00eancia Aracaju de Not\u00edcias<\/strong><\/em><\/p>\n","protected":false},"excerpt":{"rendered":"<p>Profissionais concursados, bem preparados, com porte de arma, recebendo sal\u00e1rios dignos e que ir\u00e3o atuar em uma institui\u00e7\u00e3o moderna e bem estruturada. Essa \u00e9 a realidade encontrada pelos 100 novos guardas municipais que foram empossados na manh\u00e3 desta sexta-feira, 15, pelo prefeito de Aracaju, Edvaldo Nogueira. Durante o evento, realizado no audit\u00f3rio do Banese, o [&hellip;]<\/p>\n","protected":false},"author":3,"featured_media":34596,"comment_status":"closed","ping_status":"closed","sticky":false,"template":"","format":"standard","meta":{"footnotes":""},"categories":[38],"tags":[],"class_list":{"0":"post-34595","1":"post","2":"type-post","3":"status-publish","4":"format-standard","5":"has-post-thumbnail","7":"category-municipios"},"_links":{"self":[{"href":"https:\/\/senoticias.com.br\/se\/wp-json\/wp\/v2\/posts\/34595"}],"collection":[{"href":"https:\/\/senoticias.com.br\/se\/wp-json\/wp\/v2\/posts"}],"about":[{"href":"https:\/\/senoticias.com.br\/se\/wp-json\/wp\/v2\/types\/post"}],"author":[{"embeddable":true,"href":"https:\/\/senoticias.com.br\/se\/wp-json\/wp\/v2\/users\/3"}],"replies":[{"embeddable":true,"href":"https:\/\/senoticias.com.br\/se\/wp-json\/wp\/v2\/comments?post=34595"}],"version-history":[{"count":0,"href":"https:\/\/senoticias.com.br\/se\/wp-json\/wp\/v2\/posts\/34595\/revisions"}],"wp:featuredmedia":[{"embeddable":true,"href":"https:\/\/senoticias.com.br\/se\/wp-json\/wp\/v2\/media\/34596"}],"wp:attachment":[{"href":"https:\/\/senoticias.com.br\/se\/wp-json\/wp\/v2\/media?parent=34595"}],"wp:term":[{"taxonomy":"category","embeddable":true,"href":"https:\/\/senoticias.com.br\/se\/wp-json\/wp\/v2\/categories?post=34595"},{"taxonomy":"post_tag","embeddable":true,"href":"https:\/\/senoticias.com.br\/se\/wp-json\/wp\/v2\/tags?post=34595"}],"curies":[{"name":"wp","href":"https:\/\/api.w.org\/{rel}","templated":true}]}}