{"id":34578,"date":"2012-06-15T18:08:34","date_gmt":"2012-06-15T21:08:34","guid":{"rendered":"http:\/\/senoticias.com.br\/se\/?p=34578"},"modified":"2012-06-16T11:24:46","modified_gmt":"2012-06-16T14:24:46","slug":"deda-elogia-iniciativa-de-dilma-que-preve-mais-recursos-para-investimentos-dos-estados","status":"publish","type":"post","link":"https:\/\/senoticias.com.br\/se\/deda-elogia-iniciativa-de-dilma-que-preve-mais-recursos-para-investimentos-dos-estados\/","title":{"rendered":"D\u00e9da elogia iniciativa de Dilma, que prev\u00ea mais recursos para investimentos dos estados"},"content":{"rendered":"<div id=\"attachment_34579\" style=\"width: 310px\" class=\"wp-caption alignleft\"><a href=\"http:\/\/senoticias.com.br\/se\/wp-content\/uploads\/2012\/06\/RJAY7489.jpg\"><img loading=\"lazy\" decoding=\"async\" aria-describedby=\"caption-attachment-34579\" class=\"size-medium wp-image-34579\" title=\"Bras\u00edlia, 15\/06\/2012 - REUNI\u00c3O GOVERNADORES - Governador de Sergipe Marcelo D\u00e9da e a presidenta Dilma Rousseff, durante reuni\u00e3o com governadores, no pal\u00e1cio do Planalto.Governadores Tarso Genro (RS), Renato Casagrandre (ES), Raimundo Colombo (SC), Marcelo D\u00e9da (SE), Beto Richa (PR) e Agnelo Queiroz (DF).Foto: Roberto Jayme\/Photonews\" src=\"http:\/\/senoticias.com.br\/se\/wp-content\/uploads\/2012\/06\/RJAY7489-300x200.jpg\" alt=\"\" width=\"300\" height=\"200\" srcset=\"https:\/\/senoticias.com.br\/se\/wp-content\/uploads\/2012\/06\/RJAY7489-300x200.jpg 300w, https:\/\/senoticias.com.br\/se\/wp-content\/uploads\/2012\/06\/RJAY7489-342x228.jpg 342w, https:\/\/senoticias.com.br\/se\/wp-content\/uploads\/2012\/06\/RJAY7489.jpg 660w\" sizes=\"(max-width: 300px) 100vw, 300px\" \/><\/a><p id=\"caption-attachment-34579\" class=\"wp-caption-text\">A reuni\u00e3o desta sexta, 15, em Bras\u00edlia, onde a presidenta Dilma Rousseff anunciou linha de cr\u00e9dito de R$ 20 bilh\u00f5es aos estados (Pr\u00f3-investe), foi classificada como um &quot;sucesso&quot; pelo governador Marcelo D\u00e9da. (Foto: Roberto Jayme)<\/p><\/div>\n<p style=\"text-align: justify;\">A reuni\u00e3o desta sexta, 15, em Bras\u00edlia, onde a presidenta Dilma Rousseff anunciou linha de cr\u00e9dito de R$ 20 bilh\u00f5es aos estados (Pr\u00f3-investe), foi classificada como um &#8220;sucesso&#8221; pelo governador Marcelo D\u00e9da. &#8220;A presidenta mobilizou governadores para trabalharem conjuntamente, Uni\u00e3o e estados na busca de ampliar o investimento p\u00fablico, sustentar o crescimento brasileiro e resistir aos reflexos que vir\u00e3o da crise internacional&#8221;, elogiou.<\/p>\n<p style=\"text-align: justify;\">Nas entrevistas, ap\u00f3s o encontro com os chefes das 27 unidades da federa\u00e7\u00e3o (entre governadores e vices), D\u00e9da fez quest\u00e3o de destacar o papel da presidenta no momento em que a economia global enfrenta uma crise ainda sem defini\u00e7\u00e3o. &#8220;Eu acredito que todos n\u00f3s sa\u00edmos estimulados, n\u00e3o apenas pelas medidas anunciadas, mas pelo forte discurso da presidenta a respeito da pol\u00edtica macroecon\u00f4mica do Governo&#8221;.<\/p>\n<p style=\"text-align: justify;\">Para os governadores, sintetizou D\u00e9da, &#8220;a decis\u00e3o do Governo de enfrentar os reflexos da crise internacional com medidas antic\u00edclicas que n\u00e3o se reduzem ao aumento do investimento p\u00fablico, mas tamb\u00e9m ao est\u00edmulo ao investimento privado&#8221; foi igualmente relevante. &#8220;E tamb\u00e9m a compreens\u00e3o dela de que ainda h\u00e1 espa\u00e7o para aumentar o consumo&#8221;.<\/p>\n<p style=\"text-align: justify;\"><strong>BNDES, PPPs e PAF<\/strong><\/p>\n<p style=\"text-align: justify;\">Durante quatro horas, no Pal\u00e1cio do Planalto, a presidenta e sua equipe expuseram as medidas de est\u00edmulo aos investimentos dos governos estaduais, ao mesmo tempo em que ouviram as pondera\u00e7\u00f5es dos governadores. Al\u00e9m dos R$ 20 bilh\u00f5es do Banco Nacional do Desenvolvimento Econ\u00f4mico e Social (BNDES), o ministro Guido Mantega, da Fazenda, detalhou outras duas medidas.<\/p>\n<p style=\"text-align: justify;\">No caso dos empr\u00e9stimos do BNDES, as taxas de juros ser\u00e3o de TJLP (6%) mais 1,1%, no caso em que o empr\u00e9stimo \u00e9 emitido com aval da Uni\u00e3o, ou 2,1%, para os empr\u00e9stimos tomados sem o aval da Uni\u00e3o. A linha ser\u00e1 disponibilizada pelo BNDES e entrar\u00e1 em vigor ap\u00f3s reuni\u00e3o do Conselho Monet\u00e1rio Nacional (CMN), que deve ocorrer na pr\u00f3xima semana. A fatia que caber\u00e1 a cada Estado ainda ser\u00e1 definida.<\/p>\n<p style=\"text-align: justify;\">Outra medida pretende estimular as Parcerias P\u00fablico-Privadas (PPPs), instrumento utilizado sobretudo no fomento em infraestrutura e mobilidade urbana. Para isto, o governo vai ampliar o limite de comprometimento das receitas correntes l\u00edquidas dos estados de 3% para 5%. Por fim, o governo vai assinar novos contratos com os estados ampliando o espa\u00e7o fiscal para a contrata\u00e7\u00e3o de novos projetos de investimento, ap\u00f3s uma nova rodada de negocia\u00e7\u00e3o do Programa de Ajuste Fiscal (PAF).<\/p>\n<p style=\"text-align: justify;\"><strong>Garantir o crescimento<\/strong><\/p>\n<p style=\"text-align: justify;\"><strong>&#8220;O governo trouxe para a<\/strong> mesa uma quest\u00e3o urgente, que \u00e9 elevar o n\u00edvel do investimento p\u00fablico no Brasil&#8221;, disse D\u00e9da, apontando a relev\u00e2ncia e urg\u00eancia da reuni\u00e3o no Planalto. Os novos recursos permitir\u00e3o &#8220;que os estados possam fazer investimentos estruturantes e viabilizar a manuten\u00e7\u00e3o do crescimento econ\u00f4mico com a ajuda destes investimentos dos estados federados&#8221;.<\/p>\n<p style=\"text-align: justify;\">&#8220;Al\u00e9m disso&#8221;, prosseguiu D\u00e9da, &#8220;o Governo tamb\u00e9m vai alterar a legisla\u00e7\u00e3o das PPPs para permitir que os estados possam captar recursos privados para viabilizar investimentos p\u00fablicos. Eu diria que a presidenta apresentou um plano de a\u00e7\u00e3o imediata e naturalmente vai continuar discutindo com os estados as quest\u00f5es fiscais que est\u00e3o na agenda federativa [ICMS, royalties, d\u00edvida, entre outros]&#8221;.<\/p>\n<p style=\"text-align: justify;\"><strong>Est\u00edmulo<\/strong><\/p>\n<p style=\"text-align: justify;\">Para D\u00e9da, os governadores deixaram a reuni\u00e3o &#8220;estimulados&#8221;. N\u00e3o apenas pelas medidas anunciadas,&#8221;mas pelo forte discurso da presidenta&#8221;. Enfim, &#8220;uma reuni\u00e3o que anunciou medidas e mobilizou os governos dos estados brasileiros a se engajarem com o Governo Federal numa pol\u00edtica decidida a resistir aos reflexos da crise internacional&#8221;.<\/p>\n<p style=\"text-align: justify;\"><span style=\"color: #333333;\"><strong>Secretaria de Estado da Comunica\u00e7\u00e3o Social\/Governo de Sergipe<\/strong><\/span><\/p>\n","protected":false},"excerpt":{"rendered":"<p>A reuni\u00e3o desta sexta, 15, em Bras\u00edlia, onde a presidenta Dilma Rousseff anunciou linha de cr\u00e9dito de R$ 20 bilh\u00f5es aos estados (Pr\u00f3-investe), foi classificada como um &#8220;sucesso&#8221; pelo governador Marcelo D\u00e9da. &#8220;A presidenta mobilizou governadores para trabalharem conjuntamente, Uni\u00e3o e estados na busca de ampliar o investimento p\u00fablico, sustentar o crescimento brasileiro e resistir [&hellip;]<\/p>\n","protected":false},"author":3,"featured_media":34579,"comment_status":"closed","ping_status":"closed","sticky":false,"template":"","format":"standard","meta":{"footnotes":""},"categories":[6],"tags":[],"class_list":{"0":"post-34578","1":"post","2":"type-post","3":"status-publish","4":"format-standard","5":"has-post-thumbnail","7":"category-politica"},"_links":{"self":[{"href":"https:\/\/senoticias.com.br\/se\/wp-json\/wp\/v2\/posts\/34578"}],"collection":[{"href":"https:\/\/senoticias.com.br\/se\/wp-json\/wp\/v2\/posts"}],"about":[{"href":"https:\/\/senoticias.com.br\/se\/wp-json\/wp\/v2\/types\/post"}],"author":[{"embeddable":true,"href":"https:\/\/senoticias.com.br\/se\/wp-json\/wp\/v2\/users\/3"}],"replies":[{"embeddable":true,"href":"https:\/\/senoticias.com.br\/se\/wp-json\/wp\/v2\/comments?post=34578"}],"version-history":[{"count":0,"href":"https:\/\/senoticias.com.br\/se\/wp-json\/wp\/v2\/posts\/34578\/revisions"}],"wp:featuredmedia":[{"embeddable":true,"href":"https:\/\/senoticias.com.br\/se\/wp-json\/wp\/v2\/media\/34579"}],"wp:attachment":[{"href":"https:\/\/senoticias.com.br\/se\/wp-json\/wp\/v2\/media?parent=34578"}],"wp:term":[{"taxonomy":"category","embeddable":true,"href":"https:\/\/senoticias.com.br\/se\/wp-json\/wp\/v2\/categories?post=34578"},{"taxonomy":"post_tag","embeddable":true,"href":"https:\/\/senoticias.com.br\/se\/wp-json\/wp\/v2\/tags?post=34578"}],"curies":[{"name":"wp","href":"https:\/\/api.w.org\/{rel}","templated":true}]}}