{"id":34573,"date":"2012-06-15T17:51:22","date_gmt":"2012-06-15T20:51:22","guid":{"rendered":"http:\/\/senoticias.com.br\/se\/?p=34573"},"modified":"2012-06-17T18:08:37","modified_gmt":"2012-06-17T21:08:37","slug":"policia-apreende-27kg-de-maconha-prensada-no-jardim-centenario","status":"publish","type":"post","link":"https:\/\/senoticias.com.br\/se\/policia-apreende-27kg-de-maconha-prensada-no-jardim-centenario\/","title":{"rendered":"Pol\u00edcia  apreende 27kg de maconha prensada no Jardim Centen\u00e1rio"},"content":{"rendered":"<p style=\"text-align: justify;\"><a href=\"http:\/\/senoticias.com.br\/se\/wp-content\/uploads\/2012\/06\/img4fdb94f31078d.jpg\"><img loading=\"lazy\" decoding=\"async\" class=\"alignleft size-medium wp-image-34574\" title=\"img4fdb94f31078d\" src=\"http:\/\/senoticias.com.br\/se\/wp-content\/uploads\/2012\/06\/img4fdb94f31078d-300x211.jpg\" alt=\"\" width=\"300\" height=\"211\" srcset=\"https:\/\/senoticias.com.br\/se\/wp-content\/uploads\/2012\/06\/img4fdb94f31078d-300x211.jpg 300w, https:\/\/senoticias.com.br\/se\/wp-content\/uploads\/2012\/06\/img4fdb94f31078d-342x241.jpg 342w, https:\/\/senoticias.com.br\/se\/wp-content\/uploads\/2012\/06\/img4fdb94f31078d.jpg 640w\" sizes=\"(max-width: 300px) 100vw, 300px\" \/><\/a>A Pol\u00edcia Militar, atrav\u00e9s do Batalh\u00e3o de Choque, apreendeu no in\u00edcio da tarde desta sexta feira, 15, 27kg de maconha prensada. A droga pertencia ao suspeito Carlos Henrique Diego dos Santos, que veio a \u00f3bito no hospital por infec\u00e7\u00e3o generalizada, logo ap\u00f3s entregar-se no Quartel do Comando Geral.<\/p>\n<p style=\"text-align: justify;\">A a\u00e7\u00e3o ocorreu ap\u00f3s a den\u00fancia de que havia grande quantidade de maconha escondida em uma vila localizada no bairro Jardim Centen\u00e1rio, em Aracaju.<\/p>\n<p style=\"text-align: justify;\">No local, a PM encontrou a jovem Camila Amaral, 20 anos, que mostrou onde a droga estava escondida.<\/p>\n<p style=\"text-align: justify;\">&#8220;Gra\u00e7as a Deus e ao esp\u00edrito de colabora\u00e7\u00e3o da popula\u00e7\u00e3o sergipana que tem abra\u00e7ado a causa de livrar a juventude dos malef\u00edcios da droga, conseguimos tirar de circula\u00e7\u00e3o esta quantia significativa, o que s\u00f3 faz refor\u00e7ar a import\u00e2ncia do trabalho conjunto entre a PM e a comunidade. Gostar\u00edamos de pedir que continuem denunciando, liguem para o n\u00famero 190, pois assim, com f\u00e9 em Deus, muitas outras apreens\u00f5es vir\u00e3o&#8221;, destacou o major Carlos Rolemberg, comandante do Batalh\u00e3o de Choque.<\/p>\n<p style=\"text-align: justify;\">Participaram da a\u00e7\u00e3o o major Rolemberg, tenente J. Lima, tenente Edson, al\u00e9m do apoio dos sargentos Wilson Santos, Venceslau e Merces. A opera\u00e7\u00e3o contou com aux\u00edlio de c\u00e3es farejadores do pr\u00f3prio canil do BPChoque. O caso foi conduzido ao Departamento de Narc\u00f3ticos da Pol\u00edcia Civil.<\/p>\n<p style=\"text-align: justify;\">Ascom\/PM<\/p>\n","protected":false},"excerpt":{"rendered":"<p>A Pol\u00edcia Militar, atrav\u00e9s do Batalh\u00e3o de Choque, apreendeu no in\u00edcio da tarde desta sexta feira, 15, 27kg de maconha prensada. A droga pertencia ao suspeito Carlos Henrique Diego dos Santos, que veio a \u00f3bito no hospital por infec\u00e7\u00e3o generalizada, logo ap\u00f3s entregar-se no Quartel do Comando Geral. A a\u00e7\u00e3o ocorreu ap\u00f3s a den\u00fancia de [&hellip;]<\/p>\n","protected":false},"author":3,"featured_media":34574,"comment_status":"closed","ping_status":"closed","sticky":false,"template":"","format":"standard","meta":{"footnotes":""},"categories":[7],"tags":[],"class_list":{"0":"post-34573","1":"post","2":"type-post","3":"status-publish","4":"format-standard","5":"has-post-thumbnail","7":"category-policia"},"_links":{"self":[{"href":"https:\/\/senoticias.com.br\/se\/wp-json\/wp\/v2\/posts\/34573"}],"collection":[{"href":"https:\/\/senoticias.com.br\/se\/wp-json\/wp\/v2\/posts"}],"about":[{"href":"https:\/\/senoticias.com.br\/se\/wp-json\/wp\/v2\/types\/post"}],"author":[{"embeddable":true,"href":"https:\/\/senoticias.com.br\/se\/wp-json\/wp\/v2\/users\/3"}],"replies":[{"embeddable":true,"href":"https:\/\/senoticias.com.br\/se\/wp-json\/wp\/v2\/comments?post=34573"}],"version-history":[{"count":0,"href":"https:\/\/senoticias.com.br\/se\/wp-json\/wp\/v2\/posts\/34573\/revisions"}],"wp:featuredmedia":[{"embeddable":true,"href":"https:\/\/senoticias.com.br\/se\/wp-json\/wp\/v2\/media\/34574"}],"wp:attachment":[{"href":"https:\/\/senoticias.com.br\/se\/wp-json\/wp\/v2\/media?parent=34573"}],"wp:term":[{"taxonomy":"category","embeddable":true,"href":"https:\/\/senoticias.com.br\/se\/wp-json\/wp\/v2\/categories?post=34573"},{"taxonomy":"post_tag","embeddable":true,"href":"https:\/\/senoticias.com.br\/se\/wp-json\/wp\/v2\/tags?post=34573"}],"curies":[{"name":"wp","href":"https:\/\/api.w.org\/{rel}","templated":true}]}}