{"id":34566,"date":"2012-06-15T16:15:52","date_gmt":"2012-06-15T19:15:52","guid":{"rendered":"http:\/\/senoticias.com.br\/se\/?p=34566"},"modified":"2012-06-15T16:15:52","modified_gmt":"2012-06-15T19:15:52","slug":"comerciante-e-morto-a-tiros-em-itabaiana-se","status":"publish","type":"post","link":"https:\/\/senoticias.com.br\/se\/comerciante-e-morto-a-tiros-em-itabaiana-se\/","title":{"rendered":"Comerciante \u00e9 morto a tiros em Itabaiana, SE"},"content":{"rendered":"<div id=\"attachment_34570\" style=\"width: 277px\" class=\"wp-caption alignleft\"><a href=\"http:\/\/senoticias.com.br\/se\/wp-content\/uploads\/2012\/06\/quebra10_p2.jpg\"><img loading=\"lazy\" decoding=\"async\" aria-describedby=\"caption-attachment-34570\" class=\"size-full wp-image-34570\" title=\"quebra10_p2\" src=\"http:\/\/senoticias.com.br\/se\/wp-content\/uploads\/2012\/06\/quebra10_p2.jpg\" alt=\"\" width=\"267\" height=\"200\" srcset=\"https:\/\/senoticias.com.br\/se\/wp-content\/uploads\/2012\/06\/quebra10_p2.jpg 267w, https:\/\/senoticias.com.br\/se\/wp-content\/uploads\/2012\/06\/quebra10_p2-60x45.jpg 60w, https:\/\/senoticias.com.br\/se\/wp-content\/uploads\/2012\/06\/quebra10_p2-150x113.jpg 150w\" sizes=\"(max-width: 267px) 100vw, 267px\" \/><\/a><p id=\"caption-attachment-34570\" class=\"wp-caption-text\">Vendedor \u00e9 morto a tiros em frente ao mercad\u00e3o da cidade de Itabaiana\/Gilson de Oliveira<\/p><\/div>\n<p style=\"text-align: justify;\">Por volta das 7 horas da manh\u00e3 desta sexta-feira, dia 15, o vendedor Jos\u00e9 Valdemir dos Anjos, conhecido com \u201cQuebra 10\u201d, 42 anos, foi assassinado com cerca de tiros de pistola 380 no rosto.<\/p>\n<p style=\"text-align: justify;\">Ele encontrava-se no Largo Jos\u00e9 do Prado Franco, em frente ao Mercado Hortifrutigranjeiro e o mercado da carne conversando com um amigo, quando foi surpreendido com a chegada de duas pessoas em um motocicleta e segundo informa\u00e7\u00f5es passadas por populares \u00e0 pol\u00edcia, a v\u00edtima ainda discutiu com os elementos e em seguida foram efetuados os disparos.<\/p>\n<p style=\"text-align: justify;\">\u201cQuebra 10\u201d era negociante de motocicleta e tamb\u00e9m vendia ab\u00f3boras e atualmente estava morando \u00e0 Rua Capit\u00e3o Jos\u00e9 Ferreira, em Itabaiana (SE).<\/p>\n<p style=\"text-align: justify;\">De acordo com informa\u00e7\u00f5es surgidas no local do crime, a v\u00edtima tinha fama de arrogante.<\/p>\n<p style=\"text-align: justify;\">Somente neste m\u00eas de junho j\u00e1 foram registrados cinco assassinatos no munic\u00edpio, sendo que a pol\u00edcia conseguiu elucidar a morte de Alisson J\u00fanior Alves Cordeiro, conhecido como J\u00fanior Macaco, 25 anos, ocorrida no \u00faltimo dia 7 na Rua C do conjunto Maria do Carmo N. Alves, com a apreens\u00e3o de dois adolescentes suspeitos pelo ato infracional.<\/p>\n<p style=\"text-align: justify;\"><em><strong>Gilson de Oliveira &#8211; Itnet<\/strong><\/em><\/p>\n","protected":false},"excerpt":{"rendered":"<p>Por volta das 7 horas da manh\u00e3 desta sexta-feira, dia 15, o vendedor Jos\u00e9 Valdemir dos Anjos, conhecido com \u201cQuebra 10\u201d, 42 anos, foi assassinado com cerca de tiros de pistola 380 no rosto. Ele encontrava-se no Largo Jos\u00e9 do Prado Franco, em frente ao Mercado Hortifrutigranjeiro e o mercado da carne conversando com um [&hellip;]<\/p>\n","protected":false},"author":3,"featured_media":34570,"comment_status":"closed","ping_status":"closed","sticky":false,"template":"","format":"standard","meta":{"footnotes":""},"categories":[7],"tags":[],"class_list":{"0":"post-34566","1":"post","2":"type-post","3":"status-publish","4":"format-standard","5":"has-post-thumbnail","7":"category-policia"},"_links":{"self":[{"href":"https:\/\/senoticias.com.br\/se\/wp-json\/wp\/v2\/posts\/34566"}],"collection":[{"href":"https:\/\/senoticias.com.br\/se\/wp-json\/wp\/v2\/posts"}],"about":[{"href":"https:\/\/senoticias.com.br\/se\/wp-json\/wp\/v2\/types\/post"}],"author":[{"embeddable":true,"href":"https:\/\/senoticias.com.br\/se\/wp-json\/wp\/v2\/users\/3"}],"replies":[{"embeddable":true,"href":"https:\/\/senoticias.com.br\/se\/wp-json\/wp\/v2\/comments?post=34566"}],"version-history":[{"count":0,"href":"https:\/\/senoticias.com.br\/se\/wp-json\/wp\/v2\/posts\/34566\/revisions"}],"wp:featuredmedia":[{"embeddable":true,"href":"https:\/\/senoticias.com.br\/se\/wp-json\/wp\/v2\/media\/34570"}],"wp:attachment":[{"href":"https:\/\/senoticias.com.br\/se\/wp-json\/wp\/v2\/media?parent=34566"}],"wp:term":[{"taxonomy":"category","embeddable":true,"href":"https:\/\/senoticias.com.br\/se\/wp-json\/wp\/v2\/categories?post=34566"},{"taxonomy":"post_tag","embeddable":true,"href":"https:\/\/senoticias.com.br\/se\/wp-json\/wp\/v2\/tags?post=34566"}],"curies":[{"name":"wp","href":"https:\/\/api.w.org\/{rel}","templated":true}]}}