{"id":34560,"date":"2012-06-15T15:33:44","date_gmt":"2012-06-15T18:33:44","guid":{"rendered":"http:\/\/senoticias.com.br\/se\/?p=34560"},"modified":"2012-06-16T06:44:02","modified_gmt":"2012-06-16T09:44:02","slug":"maria-destaca-importancia-das-discussoes-travadas-na-rio20","status":"publish","type":"post","link":"https:\/\/senoticias.com.br\/se\/maria-destaca-importancia-das-discussoes-travadas-na-rio20\/","title":{"rendered":"Senadora Maria destaca import\u00e2ncia das discuss\u00f5es travadas na Rio+20"},"content":{"rendered":"<p>&nbsp;<\/p>\n<div id=\"attachment_33074\" style=\"width: 291px\" class=\"wp-caption alignleft\"><a href=\"http:\/\/senoticias.com.br\/se\/wp-content\/uploads\/2012\/05\/Maria-do-Carmo.jpg\"><img loading=\"lazy\" decoding=\"async\" aria-describedby=\"caption-attachment-33074\" class=\"size-full wp-image-33074\" title=\"Maria do Carmo\" src=\"http:\/\/senoticias.com.br\/se\/wp-content\/uploads\/2012\/05\/Maria-do-Carmo.jpg\" alt=\"\" width=\"281\" height=\"179\" \/><\/a><p id=\"caption-attachment-33074\" class=\"wp-caption-text\">Senadora Maria do Carmo Alves (DEM) \/ Reprodu\u00e7\u00e3o<\/p><\/div>\n<p style=\"text-align: justify;\">A senadora Maria do Carmo Alves (DEM) destacou, hoje (15), a import\u00e2ncia das discuss\u00f5es que est\u00e3o sendo travadas na Confer\u00eancia das Na\u00e7\u00f5es Unidas sobre Desenvolvimento Sustent\u00e1vel, a Rio+20, que come\u00e7ou na quarta-feira (13) e vai at\u00e9 o pr\u00f3ximo dia 22, no Rio de Janeiro.<\/p>\n<p style=\"text-align: justify;\">\u201cOs desafios s\u00e3o enormes. Est\u00e1 em jogo, sobretudo, o compromisso de Na\u00e7\u00f5es com o desenvolvimento sustent\u00e1vel\u201d, afirmou a parlamentar sergipana, observando que os participantes debatem dois grandes eixos: a \u201ceconomia verde no contexto do desenvolvimento sustent\u00e1vel e da erradica\u00e7\u00e3o da pobreza\u201d e \u201cgovernan\u00e7a global para o desenvolvimento sustent\u00e1vel\u201d.<\/p>\n<p style=\"text-align: justify;\">Para ela, os debates da Rio+20 devem resultar na constru\u00e7\u00e3o de projetos que foquem quest\u00f5es fundamentais como a inclus\u00e3o social, a redu\u00e7\u00e3o da mis\u00e9ria e o est\u00edmulo \u00e0 sustentabilidade nos pa\u00edses mais pobres. \u201c\u00c9 importante e necess\u00e1rio que muita coisa se materialize na Rio+20\u201d, disse.<\/p>\n<p style=\"text-align: justify;\">A agenda estabelecida pelos chefes de mais de 200 pa\u00edses, de acordo com a senadora, aponta para a constru\u00e7\u00e3o de mudan\u00e7as consider\u00e1veis, especialmente, no que se referem \u00e0 redu\u00e7\u00e3o das desigualdades sociais e ao comprometimento com o meio ambiente, tornando-o um aliado do progresso.<\/p>\n<p style=\"text-align: justify;\">\u201cN\u00e3o podemos continuar com a ideia de que meio ambiente e desenvolvimento n\u00e3o andam pari passo\u201d, afirmou Maria, adiantando que alguns grandes desafios est\u00e3o colocados na ordem do dia. Entre eles, citou a parlamentar, est\u00e3o a redu\u00e7\u00e3o da pobreza e a gera\u00e7\u00e3o de emprego e renda, \u201ctudo aliado a uma comportamento favor\u00e1vel ao meio ambiente\u201d.<\/p>\n<p style=\"text-align: justify;\">Para a democrata, todos devem estar atentos aos cumprimentos dos compromissos assumidos e que comp\u00f5em os documentos elaborados durante esses dias de discuss\u00f5es.<\/p>\n<p style=\"text-align: justify;\"><em><strong>Assessoria de Imprensa<\/strong><\/em><\/p>\n","protected":false},"excerpt":{"rendered":"<p>&nbsp; A senadora Maria do Carmo Alves (DEM) destacou, hoje (15), a import\u00e2ncia das discuss\u00f5es que est\u00e3o sendo travadas na Confer\u00eancia das Na\u00e7\u00f5es Unidas sobre Desenvolvimento Sustent\u00e1vel, a Rio+20, que come\u00e7ou na quarta-feira (13) e vai at\u00e9 o pr\u00f3ximo dia 22, no Rio de Janeiro. \u201cOs desafios s\u00e3o enormes. Est\u00e1 em jogo, sobretudo, o compromisso [&hellip;]<\/p>\n","protected":false},"author":3,"featured_media":33074,"comment_status":"closed","ping_status":"closed","sticky":false,"template":"","format":"standard","meta":{"footnotes":""},"categories":[6],"tags":[],"class_list":{"0":"post-34560","1":"post","2":"type-post","3":"status-publish","4":"format-standard","5":"has-post-thumbnail","7":"category-politica"},"_links":{"self":[{"href":"https:\/\/senoticias.com.br\/se\/wp-json\/wp\/v2\/posts\/34560"}],"collection":[{"href":"https:\/\/senoticias.com.br\/se\/wp-json\/wp\/v2\/posts"}],"about":[{"href":"https:\/\/senoticias.com.br\/se\/wp-json\/wp\/v2\/types\/post"}],"author":[{"embeddable":true,"href":"https:\/\/senoticias.com.br\/se\/wp-json\/wp\/v2\/users\/3"}],"replies":[{"embeddable":true,"href":"https:\/\/senoticias.com.br\/se\/wp-json\/wp\/v2\/comments?post=34560"}],"version-history":[{"count":0,"href":"https:\/\/senoticias.com.br\/se\/wp-json\/wp\/v2\/posts\/34560\/revisions"}],"wp:featuredmedia":[{"embeddable":true,"href":"https:\/\/senoticias.com.br\/se\/wp-json\/wp\/v2\/media\/33074"}],"wp:attachment":[{"href":"https:\/\/senoticias.com.br\/se\/wp-json\/wp\/v2\/media?parent=34560"}],"wp:term":[{"taxonomy":"category","embeddable":true,"href":"https:\/\/senoticias.com.br\/se\/wp-json\/wp\/v2\/categories?post=34560"},{"taxonomy":"post_tag","embeddable":true,"href":"https:\/\/senoticias.com.br\/se\/wp-json\/wp\/v2\/tags?post=34560"}],"curies":[{"name":"wp","href":"https:\/\/api.w.org\/{rel}","templated":true}]}}