{"id":34557,"date":"2012-06-15T15:27:52","date_gmt":"2012-06-15T18:27:52","guid":{"rendered":"http:\/\/senoticias.com.br\/se\/?p=34557"},"modified":"2012-06-15T15:27:52","modified_gmt":"2012-06-15T18:27:52","slug":"eleicoes-2012-justica-condena-responsaveis-por-propaganda-antecipada","status":"publish","type":"post","link":"https:\/\/senoticias.com.br\/se\/eleicoes-2012-justica-condena-responsaveis-por-propaganda-antecipada\/","title":{"rendered":"Elei\u00e7\u00f5es 2012: Justi\u00e7a condena respons\u00e1veis por propaganda antecipada"},"content":{"rendered":"<p>&nbsp;<\/p>\n<p style=\"text-align: justify;\"><a href=\"http:\/\/senoticias.com.br\/se\/wp-content\/uploads\/2012\/05\/Elei\u00e7\u00f5es-2012-Ilust.-21.jpg\"><img loading=\"lazy\" decoding=\"async\" class=\"alignleft size-medium wp-image-32984\" title=\"Elei\u00e7\u00f5es 2012 - Ilust. 2\" src=\"http:\/\/senoticias.com.br\/se\/wp-content\/uploads\/2012\/05\/Elei\u00e7\u00f5es-2012-Ilust.-21-300x184.jpg\" alt=\"\" width=\"300\" height=\"184\" srcset=\"https:\/\/senoticias.com.br\/se\/wp-content\/uploads\/2012\/05\/Elei\u00e7\u00f5es-2012-Ilust.-21-300x184.jpg 300w, https:\/\/senoticias.com.br\/se\/wp-content\/uploads\/2012\/05\/Elei\u00e7\u00f5es-2012-Ilust.-21.jpg 320w\" sizes=\"(max-width: 300px) 100vw, 300px\" \/><\/a>A Justi\u00e7a Eleitoral julgou procedentes as representa\u00e7\u00f5es sobre propaganda eleitoral antecipada propostas pelo Minist\u00e9rio P\u00fablico Eleitoral (MPE). A ju\u00edza eleitoral \u00c1urea Corumba de Santana determinou que dois representados paguem multa de R$ 5 mil por fazer propaganda eleitoral antes de 6 de julho, que \u00e9 o per\u00edodo legal.<\/p>\n<p style=\"text-align: justify;\">As propagandas foram detectadas atrav\u00e9s de dilig\u00eancias do MPE e continham adesivos que faziam men\u00e7\u00e3o \u00e0 candidatura de Jo\u00e3o Alves Filho. Os ve\u00edculos dos representados circulavam com adesivos com os dizeres \u201cPerfeito\u201d e \u201cFan\u00e1ticos\u201d associados \u00e0 imagem de um chap\u00e9u de couro, marca j\u00e1 conhecida de Jo\u00e3o Alves.<\/p>\n<p style=\"text-align: justify;\">As a\u00e7\u00f5es tiveram por base a decis\u00e3o do Tribunal Superior Eleitoral (TSE), de mar\u00e7o deste ano, que condenou uma eleitora sergipana a pagar multa no valor de R$ 5 mil reais pela divulga\u00e7\u00e3o de propaganda ilegal similar. A condena\u00e7\u00e3o decorreu de propaganda antecipada, por meio de adesivo, em favor da candidatura de Dilma Rousseff \u00e0 Presid\u00eancia, durante as elei\u00e7\u00f5es de 2010.<\/p>\n<p><span style=\"color: #808080;\"><strong>Assessoria de Comunica\u00e7\u00e3o<\/strong><\/span><br \/>\n<span style=\"color: #808080;\"><strong> Minist\u00e9rio P\u00fablico Federal em Sergipe<\/strong><\/span><\/p>\n","protected":false},"excerpt":{"rendered":"<p>&nbsp; A Justi\u00e7a Eleitoral julgou procedentes as representa\u00e7\u00f5es sobre propaganda eleitoral antecipada propostas pelo Minist\u00e9rio P\u00fablico Eleitoral (MPE). A ju\u00edza eleitoral \u00c1urea Corumba de Santana determinou que dois representados paguem multa de R$ 5 mil por fazer propaganda eleitoral antes de 6 de julho, que \u00e9 o per\u00edodo legal. As propagandas foram detectadas atrav\u00e9s de [&hellip;]<\/p>\n","protected":false},"author":3,"featured_media":32984,"comment_status":"closed","ping_status":"closed","sticky":false,"template":"","format":"standard","meta":{"footnotes":""},"categories":[6],"tags":[],"class_list":{"0":"post-34557","1":"post","2":"type-post","3":"status-publish","4":"format-standard","5":"has-post-thumbnail","7":"category-politica"},"_links":{"self":[{"href":"https:\/\/senoticias.com.br\/se\/wp-json\/wp\/v2\/posts\/34557"}],"collection":[{"href":"https:\/\/senoticias.com.br\/se\/wp-json\/wp\/v2\/posts"}],"about":[{"href":"https:\/\/senoticias.com.br\/se\/wp-json\/wp\/v2\/types\/post"}],"author":[{"embeddable":true,"href":"https:\/\/senoticias.com.br\/se\/wp-json\/wp\/v2\/users\/3"}],"replies":[{"embeddable":true,"href":"https:\/\/senoticias.com.br\/se\/wp-json\/wp\/v2\/comments?post=34557"}],"version-history":[{"count":0,"href":"https:\/\/senoticias.com.br\/se\/wp-json\/wp\/v2\/posts\/34557\/revisions"}],"wp:featuredmedia":[{"embeddable":true,"href":"https:\/\/senoticias.com.br\/se\/wp-json\/wp\/v2\/media\/32984"}],"wp:attachment":[{"href":"https:\/\/senoticias.com.br\/se\/wp-json\/wp\/v2\/media?parent=34557"}],"wp:term":[{"taxonomy":"category","embeddable":true,"href":"https:\/\/senoticias.com.br\/se\/wp-json\/wp\/v2\/categories?post=34557"},{"taxonomy":"post_tag","embeddable":true,"href":"https:\/\/senoticias.com.br\/se\/wp-json\/wp\/v2\/tags?post=34557"}],"curies":[{"name":"wp","href":"https:\/\/api.w.org\/{rel}","templated":true}]}}