{"id":34536,"date":"2012-06-15T06:40:37","date_gmt":"2012-06-15T09:40:37","guid":{"rendered":"http:\/\/senoticias.com.br\/se\/?p=34536"},"modified":"2012-06-15T18:33:28","modified_gmt":"2012-06-15T21:33:28","slug":"sem-sinal-de-cancer-lula-recebe-alta-de-hospital-em-sao-paulo","status":"publish","type":"post","link":"https:\/\/senoticias.com.br\/se\/sem-sinal-de-cancer-lula-recebe-alta-de-hospital-em-sao-paulo\/","title":{"rendered":"Sem sinal de c\u00e2ncer, Lula recebe alta de hospital em S\u00e3o Paulo"},"content":{"rendered":"<div id=\"attachment_34537\" style=\"width: 310px\" class=\"wp-caption alignleft\"><a href=\"http:\/\/senoticias.com.br\/se\/wp-content\/uploads\/2012\/06\/lula.jpg\"><img loading=\"lazy\" decoding=\"async\" aria-describedby=\"caption-attachment-34537\" class=\"size-medium wp-image-34537\" title=\"lula\" src=\"http:\/\/senoticias.com.br\/se\/wp-content\/uploads\/2012\/06\/lula-300x225.jpg\" alt=\"\" width=\"300\" height=\"225\" srcset=\"https:\/\/senoticias.com.br\/se\/wp-content\/uploads\/2012\/06\/lula-300x225.jpg 300w, https:\/\/senoticias.com.br\/se\/wp-content\/uploads\/2012\/06\/lula-342x256.jpg 342w, https:\/\/senoticias.com.br\/se\/wp-content\/uploads\/2012\/06\/lula-60x45.jpg 60w, https:\/\/senoticias.com.br\/se\/wp-content\/uploads\/2012\/06\/lula-150x113.jpg 150w, https:\/\/senoticias.com.br\/se\/wp-content\/uploads\/2012\/06\/lula-269x201.jpg 269w, https:\/\/senoticias.com.br\/se\/wp-content\/uploads\/2012\/06\/lula.jpg 620w\" sizes=\"(max-width: 300px) 100vw, 300px\" \/><\/a><p id=\"caption-attachment-34537\" class=\"wp-caption-text\">Lula deixa S\u00edrio-Liban\u00eas (Foto: Ricardo Stuckert\/Instituto Lula\/Divulga\u00e7\u00e3o)<\/p><\/div>\n<p style=\"text-align: justify;\">O ex-presidente da Rep\u00fablica, Luiz In\u00e1cio Lula da Silva, recebeu alta do Hospital S\u00edrio-Liban\u00eas na tarde desta quinta-feira (14), de acordo com boletim m\u00e9dico. Lula havia se internado nesta quarta-feira (13) para a remo\u00e7\u00e3o do cateter utilizado na quimioterapia contra o c\u00e2ncer na laringe.<\/p>\n<p style=\"text-align: justify;\">De acordo com o comunicado do hospital, &#8220;a reavalia\u00e7\u00e3o da laringe, que incluiu avalia\u00e7\u00e3o endosc\u00f3pica e tecidual, revelou aus\u00eancia de neoplasia (c\u00e2ncer). Novos exames de rotina ser\u00e3o realizados no futuro&#8221;.<\/p>\n<p style=\"text-align: justify;\">O ex-presidente cancelou a sua participa\u00e7\u00e3o na inaugura\u00e7\u00e3o da Arena Socioambiental na Rio+20, marcada para este s\u00e1bado (16), segundo a assessoria do Instituto Lula. Os m\u00e9dicos recomendaram que ele poupe a voz nos pr\u00f3ximos dias. Ele foi internado nesta quarta-feira para reavalia\u00e7\u00e3o da laringe, procedimento que estava pr\u00e9-agendado. Na manh\u00e3 desta quinta, Lula passou por um procedimento de retirada de cateter.<\/p>\n<p style=\"text-align: justify;\">Segundo a assessoria de imprensa do Instituto Lula, o ex-presidente foi submetido a exames e a uma bi\u00f3psia, que confirmaram n\u00e3o haver mais nenhum vest\u00edgio do c\u00e2ncer. &#8220;Como a laringe passou pela sobrecarga dos exames locais feitos ontem [quarta], por determina\u00e7\u00e3o m\u00e9dica o ex-presidente dever\u00e1 poupar a voz nos pr\u00f3ximos dias&#8221;, diz o instituto em nota divulgada nesta quinta.<\/p>\n<p style=\"text-align: justify;\">&#8220;Em fun\u00e7\u00e3o disso, o ex-presidente reduzir\u00e1 as atividades que demandem o uso cont\u00ednuo da voz na Rio + 20 e cancelou a sua participa\u00e7\u00e3o, no s\u00e1bado, na inaugura\u00e7\u00e3o da Arena Socioambiental. Sua prioridade, agora, \u00e9 seguir as recomenda\u00e7\u00f5es m\u00e9dicas para se restabelecer definitivamente dos efeitos colaterais do duro tratamento a que foi submetido nos \u00faltimos meses&#8221;, afirma a nota.<\/p>\n<p style=\"text-align: justify;\"><strong>Retirada de cateter<\/strong><\/p>\n<p style=\"text-align: justify;\">Ainda de acordo com a assessoria de imprensa de Lula, o ex-presidente passou pela retirada de cateter por volta das 9h desta quinta. O procedimento ocorreu sem complica\u00e7\u00f5es. \u00c0s 10h40, ele j\u00e1 estava descansando em um quarto e passava bem. Por meio do cateter, Lula recebia os medicamentos para o tratamento do c\u00e2ncer na laringe.<\/p>\n<p style=\"text-align: justify;\">O ex-presidente \u00e9 assistido pelos m\u00e9dicos\u00a0 Roberto Kalil Filho, Paulo Hoff, Artur Katz, Luiz Paulo Kowalski e Jo\u00e3o Luiz Fernandes da Silva. O Hospital S\u00edrio-Liban\u00eas informou em 28 de mar\u00e7o de 2012 que os exames realizados pelo ex-presidente mostraram&#8221;aus\u00eancia de tumor vis\u00edvel&#8221;. Lula teve c\u00e2ncer de laringe diagnosticado em outubro de 2011.<\/p>\n<p style=\"text-align: justify;\"><em><strong>Do G1 SP<\/strong><\/em><\/p>\n","protected":false},"excerpt":{"rendered":"<p>O ex-presidente da Rep\u00fablica, Luiz In\u00e1cio Lula da Silva, recebeu alta do Hospital S\u00edrio-Liban\u00eas na tarde desta quinta-feira (14), de acordo com boletim m\u00e9dico. Lula havia se internado nesta quarta-feira (13) para a remo\u00e7\u00e3o do cateter utilizado na quimioterapia contra o c\u00e2ncer na laringe. De acordo com o comunicado do hospital, &#8220;a reavalia\u00e7\u00e3o da laringe, [&hellip;]<\/p>\n","protected":false},"author":2,"featured_media":34537,"comment_status":"closed","ping_status":"closed","sticky":false,"template":"","format":"standard","meta":{"footnotes":""},"categories":[6],"tags":[],"class_list":{"0":"post-34536","1":"post","2":"type-post","3":"status-publish","4":"format-standard","5":"has-post-thumbnail","7":"category-politica"},"_links":{"self":[{"href":"https:\/\/senoticias.com.br\/se\/wp-json\/wp\/v2\/posts\/34536"}],"collection":[{"href":"https:\/\/senoticias.com.br\/se\/wp-json\/wp\/v2\/posts"}],"about":[{"href":"https:\/\/senoticias.com.br\/se\/wp-json\/wp\/v2\/types\/post"}],"author":[{"embeddable":true,"href":"https:\/\/senoticias.com.br\/se\/wp-json\/wp\/v2\/users\/2"}],"replies":[{"embeddable":true,"href":"https:\/\/senoticias.com.br\/se\/wp-json\/wp\/v2\/comments?post=34536"}],"version-history":[{"count":0,"href":"https:\/\/senoticias.com.br\/se\/wp-json\/wp\/v2\/posts\/34536\/revisions"}],"wp:featuredmedia":[{"embeddable":true,"href":"https:\/\/senoticias.com.br\/se\/wp-json\/wp\/v2\/media\/34537"}],"wp:attachment":[{"href":"https:\/\/senoticias.com.br\/se\/wp-json\/wp\/v2\/media?parent=34536"}],"wp:term":[{"taxonomy":"category","embeddable":true,"href":"https:\/\/senoticias.com.br\/se\/wp-json\/wp\/v2\/categories?post=34536"},{"taxonomy":"post_tag","embeddable":true,"href":"https:\/\/senoticias.com.br\/se\/wp-json\/wp\/v2\/tags?post=34536"}],"curies":[{"name":"wp","href":"https:\/\/api.w.org\/{rel}","templated":true}]}}