{"id":34530,"date":"2012-06-15T06:25:24","date_gmt":"2012-06-15T09:25:24","guid":{"rendered":"http:\/\/senoticias.com.br\/se\/?p=34530"},"modified":"2012-06-15T06:27:15","modified_gmt":"2012-06-15T09:27:15","slug":"caminhao-com-placas-de-campo-do-brito-se-envolve-em-acidente-e-causa-morte-de-motorista","status":"publish","type":"post","link":"https:\/\/senoticias.com.br\/se\/caminhao-com-placas-de-campo-do-brito-se-envolve-em-acidente-e-causa-morte-de-motorista\/","title":{"rendered":"Caminh\u00e3o com placas de Campo do Brito se envolve em acidente e causa morte de motorista"},"content":{"rendered":"<div id=\"attachment_34531\" style=\"width: 310px\" class=\"wp-caption alignleft\"><a href=\"http:\/\/senoticias.com.br\/se\/wp-content\/uploads\/2012\/06\/mercedinha_gol_p.jpg\"><img loading=\"lazy\" decoding=\"async\" aria-describedby=\"caption-attachment-34531\" class=\"size-medium wp-image-34531\" title=\"mercedinha_gol_p\" src=\"http:\/\/senoticias.com.br\/se\/wp-content\/uploads\/2012\/06\/mercedinha_gol_p-300x225.jpg\" alt=\"\" width=\"300\" height=\"225\" srcset=\"https:\/\/senoticias.com.br\/se\/wp-content\/uploads\/2012\/06\/mercedinha_gol_p-300x225.jpg 300w, https:\/\/senoticias.com.br\/se\/wp-content\/uploads\/2012\/06\/mercedinha_gol_p-60x45.jpg 60w, https:\/\/senoticias.com.br\/se\/wp-content\/uploads\/2012\/06\/mercedinha_gol_p-150x113.jpg 150w, https:\/\/senoticias.com.br\/se\/wp-content\/uploads\/2012\/06\/mercedinha_gol_p-269x201.jpg 269w, https:\/\/senoticias.com.br\/se\/wp-content\/uploads\/2012\/06\/mercedinha_gol_p.jpg 333w\" sizes=\"(max-width: 300px) 100vw, 300px\" \/><\/a><p id=\"caption-attachment-34531\" class=\"wp-caption-text\">O acidente aconteceu no Km 163 da BR-101, no povoado Jo\u00e3o Dias, munic\u00edpio de Est\u00e2ncia. (Foto: Reprodu\u00e7\u00e3o\/Di\u00e1rio Sergipano)<\/p><\/div>\n<p style=\"text-align: justify;\">Um caminh\u00e3o Mercedes Benz, modelo 710, com placas IAH9115\/SE, licenciado em Campo do Brito, e conduzido por Marcos Aur\u00e9lio Fontes, 35 anos, se envolveu em uma colis\u00e3o com o ve\u00edculo Volkswagem, modelo Gol, com placas IAF 2457\/SE, e provocou a morte do seu condutor identificado como Jos\u00e9 Bomfim Cardoso, 35 anos, morador do munic\u00edpio de Itabaianinha.<\/p>\n<p style=\"text-align: justify;\">O acidente aconteceu no Km 163 da BR-101, no povoado Jo\u00e3o Dias, munic\u00edpio de Est\u00e2ncia (SE), e segundo informa\u00e7\u00f5es levantadas pela Pol\u00edcia Rodovi\u00e1ria Federal, o caminh\u00e3o trafegava no sentido Est\u00e2ncia\/ Umba\u00faba e tentou fazer uma ultrapassagem quando foi surpreendido pelo autom\u00f3vel que estava no sentido contr\u00e1rio. Para evitar a colis\u00e3o o motorista do ve\u00edculo ainda desviou para o acostamento, mas acabou colidindo na traseira do outro carro, uma vez que o caminh\u00e3o rodou na pista quando o seu condutor tentou retornar para sua m\u00e3o dire\u00e7\u00e3o.<\/p>\n<p style=\"text-align: justify;\">J\u00e1 o motorista do caminh\u00e3o contou aos policiais que o Gol saiu de tr\u00e1s de um caminh\u00e3o e ao fazer uma ultrapassagem causou a colis\u00e3o. Com o impacto, o autom\u00f3vel ficou embaixo do caminh\u00e3o e condutor morreu preso \u00e0s ferragens.<\/p>\n<p style=\"text-align: justify;\">Marcos Aur\u00e9lio Fontes foi conduzido por agentes civis da Delegacia Regional de Est\u00e2ncia para prestar esclarecimentos sobre o acidente.<\/p>\n<p style=\"text-align: justify;\">A v\u00edtima estava se dirigindo para o Aeroporto de Aracaju onde iria esperar sua irm\u00e3 e uma amiga que estavam vindo para os festejos juninos no Estado.<\/p>\n<p style=\"text-align: justify;\">Ainda de acordo com informa\u00e7\u00f5es de amigos, Bomfim era casado, pai de um filho e estava com passagem marcada para embarcar para S\u00e3o Paulo nessa sexta feira, dia 15.<\/p>\n<p style=\"text-align: justify;\"><em><strong>Itnet<\/strong><\/em><\/p>\n","protected":false},"excerpt":{"rendered":"<p>Um caminh\u00e3o Mercedes Benz, modelo 710, com placas IAH9115\/SE, licenciado em Campo do Brito, e conduzido por Marcos Aur\u00e9lio Fontes, 35 anos, se envolveu em uma colis\u00e3o com o ve\u00edculo Volkswagem, modelo Gol, com placas IAF 2457\/SE, e provocou a morte do seu condutor identificado como Jos\u00e9 Bomfim Cardoso, 35 anos, morador do munic\u00edpio de [&hellip;]<\/p>\n","protected":false},"author":3,"featured_media":34531,"comment_status":"closed","ping_status":"closed","sticky":false,"template":"","format":"standard","meta":{"footnotes":""},"categories":[7],"tags":[],"class_list":{"0":"post-34530","1":"post","2":"type-post","3":"status-publish","4":"format-standard","5":"has-post-thumbnail","7":"category-policia"},"_links":{"self":[{"href":"https:\/\/senoticias.com.br\/se\/wp-json\/wp\/v2\/posts\/34530"}],"collection":[{"href":"https:\/\/senoticias.com.br\/se\/wp-json\/wp\/v2\/posts"}],"about":[{"href":"https:\/\/senoticias.com.br\/se\/wp-json\/wp\/v2\/types\/post"}],"author":[{"embeddable":true,"href":"https:\/\/senoticias.com.br\/se\/wp-json\/wp\/v2\/users\/3"}],"replies":[{"embeddable":true,"href":"https:\/\/senoticias.com.br\/se\/wp-json\/wp\/v2\/comments?post=34530"}],"version-history":[{"count":0,"href":"https:\/\/senoticias.com.br\/se\/wp-json\/wp\/v2\/posts\/34530\/revisions"}],"wp:featuredmedia":[{"embeddable":true,"href":"https:\/\/senoticias.com.br\/se\/wp-json\/wp\/v2\/media\/34531"}],"wp:attachment":[{"href":"https:\/\/senoticias.com.br\/se\/wp-json\/wp\/v2\/media?parent=34530"}],"wp:term":[{"taxonomy":"category","embeddable":true,"href":"https:\/\/senoticias.com.br\/se\/wp-json\/wp\/v2\/categories?post=34530"},{"taxonomy":"post_tag","embeddable":true,"href":"https:\/\/senoticias.com.br\/se\/wp-json\/wp\/v2\/tags?post=34530"}],"curies":[{"name":"wp","href":"https:\/\/api.w.org\/{rel}","templated":true}]}}