{"id":34519,"date":"2012-06-14T23:28:26","date_gmt":"2012-06-15T02:28:26","guid":{"rendered":"http:\/\/senoticias.com.br\/se\/?p=34519"},"modified":"2012-06-14T23:29:38","modified_gmt":"2012-06-15T02:29:38","slug":"deda-participa-de-reuniao-com-dilma-para-ampliar-investimentos","status":"publish","type":"post","link":"https:\/\/senoticias.com.br\/se\/deda-participa-de-reuniao-com-dilma-para-ampliar-investimentos\/","title":{"rendered":"D\u00e9da participa de reuni\u00e3o com Dilma para ampliar investimentos"},"content":{"rendered":"<div id=\"attachment_34520\" style=\"width: 310px\" class=\"wp-caption alignleft\"><a href=\"http:\/\/senoticias.com.br\/se\/wp-content\/uploads\/2012\/06\/RJAY2783.jpgRobertoJayme.jpg\"><img loading=\"lazy\" decoding=\"async\" aria-describedby=\"caption-attachment-34520\" class=\"size-medium wp-image-34520\" title=\"Bras\u00edlia, 25\/05\/2011 ? Governador Marcelo Deda, concede entrevista coletiva ap\u00f3s reuni\u00e3o com a presidenta Dilma Rousseff, no pal\u00e1cio do Planalto.Foto: Roberto Jayme\/Photonews\" src=\"http:\/\/senoticias.com.br\/se\/wp-content\/uploads\/2012\/06\/RJAY2783.jpgRobertoJayme-300x200.jpg\" alt=\"\" width=\"300\" height=\"200\" srcset=\"https:\/\/senoticias.com.br\/se\/wp-content\/uploads\/2012\/06\/RJAY2783.jpgRobertoJayme-300x200.jpg 300w, https:\/\/senoticias.com.br\/se\/wp-content\/uploads\/2012\/06\/RJAY2783.jpgRobertoJayme-342x228.jpg 342w, https:\/\/senoticias.com.br\/se\/wp-content\/uploads\/2012\/06\/RJAY2783.jpgRobertoJayme.jpg 660w\" sizes=\"(max-width: 300px) 100vw, 300px\" \/><\/a><p id=\"caption-attachment-34520\" class=\"wp-caption-text\">O governador foi convidado para o encontro ao receber um telefonema do ministro da Fazenda, Guido Mantega, na noite da \u00faltima ter\u00e7a-feira, 12. (Foto: Roberto Jayme)<\/p><\/div>\n<p style=\"text-align: justify;\">&#8220;\u00c9 uma reuni\u00e3o para mobilizar os Estados e garantir a amplia\u00e7\u00e3o do investimento p\u00fablico como ferramenta antic\u00edclica do governo para enfrentar a crise internacional&#8221;. Assim o governador Marcelo D\u00e9da descreve o encontro que a presidenta Dilma Rousseff ter\u00e1 com os 27 governadores no Pal\u00e1cio do Planalto durante esta sexta-feira, 15.<\/p>\n<p style=\"text-align: justify;\">O governador foi convidado para o encontro ao receber um telefonema do ministro da Fazenda, Guido Mantega, na noite da \u00faltima ter\u00e7a-feira, 12. A expectativa \u00e9 que na ocasi\u00e3o Dilma anuncie uma nova linha de cr\u00e9dito, superior a R$ 10 bilh\u00f5es, a ser oferecida pelo Banco Nacional de Desenvolvimento Econ\u00f4mico e Social (BNDES) para financiar investimentos nos Estados.<\/p>\n<p style=\"text-align: justify;\">Segundo D\u00e9da, os Estados respondem pela maior fatia do investimento p\u00fablico no Pa\u00eds, o que explica a ideia de envolv\u00ea-los nas a\u00e7\u00f5es voltadas a reverter a tend\u00eancia de baixo crescimento da economia nacional ainda este ano.<\/p>\n<p style=\"text-align: justify;\">\u201cNa hora que a crise econ\u00f4mica aperta, os estados apresentam dificuldades fiscais, o que reduz a capacidade de investimento. Reduzindo a capacidade de investimento, h\u00e1 uma queda na empregabilidade, por isso que a presidenta est\u00e1 preocupada em mobilizar os estados para elevar o investimento p\u00fablico em obras estruturantes\u201d, afirmou.<\/p>\n<p style=\"text-align: justify;\">Ao tratar especificamente da realidade sergipana, o governador lembra que, com a seca, cadeias produtivas como o milho, o leite, foram profundamente prejudicadas. \u201cIsso ter\u00e1 reflexo na pr\u00f3pria economia sergipana, trazendo risco de reduzir a pr\u00f3pria arrecada\u00e7\u00e3o de tributos. Al\u00e9m disso, os estados do Nordeste foram obrigados a realizar investimentos que n\u00e3o estavam previstos para atender emergencialmente a situa\u00e7\u00e3o da seca. Com isso, alguns outros investimentos tiveram que ser arquivados para priorizar aquela emerg\u00eancia\u201d, colocou.<\/p>\n<p style=\"text-align: justify;\">\u201cEnt\u00e3o, nesse sentido, \u00e9 uma boa oportunidade para que o Governo Federal nos ajude a ampliar os investimentos, inclusive com novas obras que possam, al\u00e9m de melhorar a infraestrutura dos estados, contribuir com a retomada do crescimento do PIB em todo o Brasil\u201d, concluiu o governador.<\/p>\n<p><span style=\"color: #666699;\"><em><strong>Secretaria de Estado da Comunica\u00e7\u00e3o Social\/Governo de Sergipe<\/strong><\/em><\/span><\/p>\n","protected":false},"excerpt":{"rendered":"<p>&#8220;\u00c9 uma reuni\u00e3o para mobilizar os Estados e garantir a amplia\u00e7\u00e3o do investimento p\u00fablico como ferramenta antic\u00edclica do governo para enfrentar a crise internacional&#8221;. Assim o governador Marcelo D\u00e9da descreve o encontro que a presidenta Dilma Rousseff ter\u00e1 com os 27 governadores no Pal\u00e1cio do Planalto durante esta sexta-feira, 15. O governador foi convidado para [&hellip;]<\/p>\n","protected":false},"author":2,"featured_media":34520,"comment_status":"closed","ping_status":"closed","sticky":false,"template":"","format":"standard","meta":{"footnotes":""},"categories":[6],"tags":[],"class_list":{"0":"post-34519","1":"post","2":"type-post","3":"status-publish","4":"format-standard","5":"has-post-thumbnail","7":"category-politica"},"_links":{"self":[{"href":"https:\/\/senoticias.com.br\/se\/wp-json\/wp\/v2\/posts\/34519"}],"collection":[{"href":"https:\/\/senoticias.com.br\/se\/wp-json\/wp\/v2\/posts"}],"about":[{"href":"https:\/\/senoticias.com.br\/se\/wp-json\/wp\/v2\/types\/post"}],"author":[{"embeddable":true,"href":"https:\/\/senoticias.com.br\/se\/wp-json\/wp\/v2\/users\/2"}],"replies":[{"embeddable":true,"href":"https:\/\/senoticias.com.br\/se\/wp-json\/wp\/v2\/comments?post=34519"}],"version-history":[{"count":0,"href":"https:\/\/senoticias.com.br\/se\/wp-json\/wp\/v2\/posts\/34519\/revisions"}],"wp:featuredmedia":[{"embeddable":true,"href":"https:\/\/senoticias.com.br\/se\/wp-json\/wp\/v2\/media\/34520"}],"wp:attachment":[{"href":"https:\/\/senoticias.com.br\/se\/wp-json\/wp\/v2\/media?parent=34519"}],"wp:term":[{"taxonomy":"category","embeddable":true,"href":"https:\/\/senoticias.com.br\/se\/wp-json\/wp\/v2\/categories?post=34519"},{"taxonomy":"post_tag","embeddable":true,"href":"https:\/\/senoticias.com.br\/se\/wp-json\/wp\/v2\/tags?post=34519"}],"curies":[{"name":"wp","href":"https:\/\/api.w.org\/{rel}","templated":true}]}}