{"id":34513,"date":"2012-06-14T23:15:15","date_gmt":"2012-06-15T02:15:15","guid":{"rendered":"http:\/\/senoticias.com.br\/se\/?p=34513"},"modified":"2012-06-15T18:08:54","modified_gmt":"2012-06-15T21:08:54","slug":"delegada-diz-que-morte-de-suspeito-dificulta-inquerito-de-tiroteio-em-se","status":"publish","type":"post","link":"https:\/\/senoticias.com.br\/se\/delegada-diz-que-morte-de-suspeito-dificulta-inquerito-de-tiroteio-em-se\/","title":{"rendered":"Delegada diz que morte de suspeito dificulta inqu\u00e9rito de tiroteio em SE"},"content":{"rendered":"<p><strong>Suspeito se apresentou \u00e0 pol\u00edcia e morreu dois dias depois.<\/strong><br \/>\n<strong>Tiroteio precedeu a chacina dentro de hospital no dia 27 de abril.<\/strong><\/p>\n<div id=\"attachment_34514\" style=\"width: 310px\" class=\"wp-caption alignleft\"><a href=\"http:\/\/senoticias.com.br\/se\/wp-content\/uploads\/2012\/06\/dsc_0028_.jpg\"><img loading=\"lazy\" decoding=\"async\" aria-describedby=\"caption-attachment-34514\" class=\"size-full wp-image-34514\" title=\"dsc_0028_\" src=\"http:\/\/senoticias.com.br\/se\/wp-content\/uploads\/2012\/06\/dsc_0028_.jpg\" alt=\"\" width=\"300\" height=\"225\" srcset=\"https:\/\/senoticias.com.br\/se\/wp-content\/uploads\/2012\/06\/dsc_0028_.jpg 300w, https:\/\/senoticias.com.br\/se\/wp-content\/uploads\/2012\/06\/dsc_0028_-60x45.jpg 60w, https:\/\/senoticias.com.br\/se\/wp-content\/uploads\/2012\/06\/dsc_0028_-150x113.jpg 150w, https:\/\/senoticias.com.br\/se\/wp-content\/uploads\/2012\/06\/dsc_0028_-269x201.jpg 269w\" sizes=\"(max-width: 300px) 100vw, 300px\" \/><\/a><p id=\"caption-attachment-34514\" class=\"wp-caption-text\">&quot;A morte do suspeito dificultou a investiga\u00e7\u00e3o que j\u00e1 tem poucas testemunhas&quot;, afirma a delegada (Foto: Marina Fontenele\/G1 SE)<\/p><\/div>\n<p style=\"text-align: justify;\">O suspeito de envolvimento no tiroteio na avenida Santa Gleide em Aracaju, Sergipe, morreu \u00e0s 6h de quarta-feira (13) em decorr\u00eancia de uma parada cardiorrespirat\u00f3ria que aconteceu enquanto ele era submetido a uma cirurgia no Hospital de Urg\u00eancia de Sergipe (Huse). Os m\u00e9dicos o reanimaram, mas no p\u00f3s-operat\u00f3rio ele apresentou novas complica\u00e7\u00f5es.<\/p>\n<p style=\"text-align: justify;\">Segundo o relat\u00f3rio m\u00e9dico divulgado nesta quinta-feira (14) pela Funda\u00e7\u00e3o Hospitalar de Sa\u00fade (FHS), o suspeito de 25 anos foi inicialmente levado para a Unidade de Pronto-Atendimento Fernando Franco e de l\u00e1 foi encaminhado para o Huse.<\/p>\n<p style=\"text-align: justify;\">\u201cO paciente deu entrada no Huse j\u00e1 com quadro instalado de grave choque hemorr\u00e1gico, sem indica\u00e7\u00e3o de h\u00e1 quanto tempo, sem pulsos perif\u00e9ricos. O quadro fora decorrente de ainda na Unidade de origem ter-se tentado drenar uma tumora\u00e7\u00e3o [ac\u00famulo de l\u00edquido em decorr\u00eancia de rea\u00e7\u00e3o inflamat\u00f3ria] que o paciente apresentava em raiz do membro superior direito\u201d, afirma a FHS no relat\u00f3rio.<\/p>\n<p style=\"text-align: justify;\">De acordo com Francisco Claro de Oliveira, superintendente do Huse, o suspeito passou por cirurgia \u00e0s 13h de ter\u00e7a para o \u201cprocedimento da revasculariza\u00e7\u00e3o com enxerto de safena-magna\u201d, ou seja, para reestabelecer os batimentos card\u00edacos que estavam comprometidos.<\/p>\n<p style=\"text-align: justify;\">O suspeito chegou a ir para uma sala de p\u00f3s-operat\u00f3rio e respirava com ajuda de aparelhos al\u00e9m de ser medicado para evitar novas complica\u00e7\u00f5es. Ele morreu \u00e0s 6h do dia seguinte \u00e0 cirurgia e o corpo deu entrada no Instituto M\u00e9dico Legal (IML) \u00e0s 10h25 de quarta-feira.<\/p>\n<p style=\"text-align: justify;\"><strong>Contradi\u00e7\u00f5es<\/strong><\/p>\n<p style=\"text-align: justify;\">A delegada Thereza Simony Nunes Silva, do Departamento de Homic\u00eddios e Prote\u00e7\u00e3o \u00e0 Pessoa (DHPP), disse ao G1 SE que encontrou na casa do suspeito um exame raios-X feito em 9 de maio que apontava que uma bala estava alojada no bra\u00e7o direito.<\/p>\n<p style=\"text-align: justify;\">Na busca em cumprimento a um mandado de pris\u00e3o tempor\u00e1ria, a delegada disse que foram encontrados uma arma, maconha, crack e coca\u00edna.<\/p>\n<p style=\"text-align: justify;\">\u201cEle se apresentou \u00e0 pol\u00edcia e colhi o depoimento dele na segunda-feira (11), no dia seguinte de manh\u00e3 ele foi levado para a unidade de sa\u00fade. Mas ele nega que o ferimento foi resultado do tiroteio na Avenida Santa Gleide, ele afirma que aconteceu no dia 25 de janeiro\u201d, relata a delegada.<\/p>\n<p style=\"text-align: justify;\">O pai do suspeito relatou no IML que o filho foi vitima de uma bala perdida em janeiro e que ficou impossibilitado de retirar o proj\u00e9til, pois corria risco de vida sem identificar qual era o empecilho para ele procurar o atendimento m\u00e9dico.<\/p>\n<p style=\"text-align: justify;\"><span style=\"color: #666699;\"><em><strong>Marina Fontenele do G1 SE<\/strong><\/em><\/span><\/p>\n","protected":false},"excerpt":{"rendered":"<p>Suspeito se apresentou \u00e0 pol\u00edcia e morreu dois dias depois. Tiroteio precedeu a chacina dentro de hospital no dia 27 de abril. O suspeito de envolvimento no tiroteio na avenida Santa Gleide em Aracaju, Sergipe, morreu \u00e0s 6h de quarta-feira (13) em decorr\u00eancia de uma parada cardiorrespirat\u00f3ria que aconteceu enquanto ele era submetido a uma [&hellip;]<\/p>\n","protected":false},"author":3,"featured_media":34514,"comment_status":"closed","ping_status":"closed","sticky":false,"template":"","format":"standard","meta":{"footnotes":""},"categories":[7],"tags":[],"class_list":{"0":"post-34513","1":"post","2":"type-post","3":"status-publish","4":"format-standard","5":"has-post-thumbnail","7":"category-policia"},"_links":{"self":[{"href":"https:\/\/senoticias.com.br\/se\/wp-json\/wp\/v2\/posts\/34513"}],"collection":[{"href":"https:\/\/senoticias.com.br\/se\/wp-json\/wp\/v2\/posts"}],"about":[{"href":"https:\/\/senoticias.com.br\/se\/wp-json\/wp\/v2\/types\/post"}],"author":[{"embeddable":true,"href":"https:\/\/senoticias.com.br\/se\/wp-json\/wp\/v2\/users\/3"}],"replies":[{"embeddable":true,"href":"https:\/\/senoticias.com.br\/se\/wp-json\/wp\/v2\/comments?post=34513"}],"version-history":[{"count":0,"href":"https:\/\/senoticias.com.br\/se\/wp-json\/wp\/v2\/posts\/34513\/revisions"}],"wp:featuredmedia":[{"embeddable":true,"href":"https:\/\/senoticias.com.br\/se\/wp-json\/wp\/v2\/media\/34514"}],"wp:attachment":[{"href":"https:\/\/senoticias.com.br\/se\/wp-json\/wp\/v2\/media?parent=34513"}],"wp:term":[{"taxonomy":"category","embeddable":true,"href":"https:\/\/senoticias.com.br\/se\/wp-json\/wp\/v2\/categories?post=34513"},{"taxonomy":"post_tag","embeddable":true,"href":"https:\/\/senoticias.com.br\/se\/wp-json\/wp\/v2\/tags?post=34513"}],"curies":[{"name":"wp","href":"https:\/\/api.w.org\/{rel}","templated":true}]}}