{"id":34506,"date":"2012-06-15T15:42:15","date_gmt":"2012-06-15T18:42:15","guid":{"rendered":"http:\/\/senoticias.com.br\/se\/?p=34506"},"modified":"2012-06-16T18:24:03","modified_gmt":"2012-06-16T21:24:03","slug":"reconstituicao-de-chacina-no-huse-vai-ser-feita-sexta-feira-15","status":"publish","type":"post","link":"https:\/\/senoticias.com.br\/se\/reconstituicao-de-chacina-no-huse-vai-ser-feita-sexta-feira-15\/","title":{"rendered":"Poder Judici\u00e1rio suspende reconstitui\u00e7\u00e3o no Huse"},"content":{"rendered":"<p><span style=\"color: #0000ff;\"><strong><br \/>\n<\/strong><\/span><\/p>\n<div id=\"attachment_24980\" style=\"width: 235px\" class=\"wp-caption alignleft\"><a href=\"http:\/\/senoticias.com.br\/se\/wp-content\/uploads\/2012\/02\/materia-huse_novo_formato-090112.jpg\"><img loading=\"lazy\" decoding=\"async\" aria-describedby=\"caption-attachment-24980\" class=\"size-full wp-image-24980\" title=\"Huse\" src=\"http:\/\/senoticias.com.br\/se\/wp-content\/uploads\/2012\/02\/materia-huse_novo_formato-090112.jpg\" alt=\"\" width=\"225\" height=\"169\" srcset=\"https:\/\/senoticias.com.br\/se\/wp-content\/uploads\/2012\/02\/materia-huse_novo_formato-090112.jpg 225w, https:\/\/senoticias.com.br\/se\/wp-content\/uploads\/2012\/02\/materia-huse_novo_formato-090112-60x45.jpg 60w, https:\/\/senoticias.com.br\/se\/wp-content\/uploads\/2012\/02\/materia-huse_novo_formato-090112-150x113.jpg 150w\" sizes=\"(max-width: 225px) 100vw, 225px\" \/><\/a><p id=\"caption-attachment-24980\" class=\"wp-caption-text\">Poder Judici\u00e1rio suspende reconstitui\u00e7\u00e3o no HUSE. (Foto: Reprodu\u00e7\u00e3o )<\/p><\/div>\n<p style=\"text-align: justify;\">A pedido do Minist\u00e9rio P\u00fablico Estadual, o Ju\u00edzo da 8\u00aa Vara Criminal deferiu o pedido de suspens\u00e3o da reprodu\u00e7\u00e3o simulada do crime que vitimou tr\u00eas pessoas no interior do Hospital de Urg\u00eancia (Huse), no \u00faltimo dia 27 de abril, em Aracaju. Na reconstitui\u00e7\u00e3o, o MP e a Pol\u00edcia Civil iriam reproduzir as a\u00e7\u00f5es dos acusados desde o momento da invas\u00e3o do Hospital de Urg\u00eancia, at\u00e9 o instante das execu\u00e7\u00f5es e da fuga.<\/p>\n<p style=\"text-align: justify;\">A delegada Tereza Simony, coordenadora do Departamento de Homic\u00eddios e Prote\u00e7\u00e3o \u00e0 Pessoa (DHPP) disse que a decis\u00e3o aconteceu na manh\u00e3 desta sexta-feira, dia 15, relatando ainda que n\u00e3o h\u00e1 data definida para que a reconstitui\u00e7\u00e3o aconte\u00e7a e aguardar\u00e1 novo posicionamento do Minist\u00e9rio P\u00fablico para a realiza\u00e7\u00e3o de novas dilig\u00eancias. Os acusados pelo crime permanecem presos.<\/p>\n<p style=\"text-align: justify;\"><strong>Veja tamb\u00e9m!<\/strong><\/p>\n<p>&nbsp;<\/p>\n<p><strong>Reconstitui\u00e7\u00e3o de chacina no HUSE vai ser feita sexta-feira (15<\/strong><\/p>\n<p><span style=\"text-align: justify;\">A reconstitui\u00e7\u00e3o do triplo homic\u00eddio que aconteceu dentro do Hospital de Urg\u00eancia de Sergipe (Huse), em Aracaju, no dia 27 de abril est\u00e1 marcada para as 18h de sexta-feira (15). A informa\u00e7\u00e3o foi confirmada pela assessoria de comunica\u00e7\u00e3o da Secretaria de Estado da Seguran\u00e7a P\u00fablica (SSP).<\/span><\/p>\n<p style=\"text-align: justify;\">Segundo o assessor Lucas Ros\u00e1rio os presos envolvidos no caso participar\u00e3o da dilig\u00eancia que foi solicitada pelo Minist\u00e9rio P\u00fablico do Estado (MP\/SE). \u201cA equipe da pol\u00edcia e de outros \u00f3rg\u00e3os envolvidos j\u00e1 est\u00e3o prontas para a reconstitui\u00e7\u00e3o. O hospital n\u00e3o ser\u00e1 fechado e a imprensa tamb\u00e9m n\u00e3o vai poder entrar no local para acompanhar os trabalhos\u201d, afirma.<\/p>\n<p style=\"text-align: justify;\">A delegada Thereza Simony Nunes Silva do Departamento de Homic\u00eddios e Prote\u00e7\u00e3o \u00e0 Pessoa (DHPP), respons\u00e1vel pelo caso, vai conduzir a reconstitui\u00e7\u00e3o. Ela concluiu o inqu\u00e9rito do caso no dia 8 de maio e n\u00e3o divulgou quais ser\u00e3o os mecanismos que ser\u00e3o usados na sexta (15).<\/p>\n<p style=\"text-align: justify;\"><strong>Entenda o caso<\/strong><\/p>\n<p style=\"text-align: justify;\">O roubo de uma moto no dia 26 de abril foi o in\u00edcio de uma hist\u00f3ria tr\u00e1gica. No dia seguinte ao roubo, o dono da moto e mais dois familiares dele foram sozinhos em busca de recuperar o bem.<\/p>\n<p style=\"text-align: justify;\">A ideia de \u2018fazer Justi\u00e7a com as pr\u00f3prias m\u00e3os\u2019 n\u00e3o deu certo e resultou na troca de tiros na Avenida Santa Gleide, em Aracaju, onde um dos familiares do dono da moto foi baleado e morreu no hospital e um bandido tamb\u00e9m foi ferido.<\/p>\n<p style=\"text-align: justify;\">No Huse, os irm\u00e3os da v\u00edtima fatal viram o suspeito do assalto. Esse encontro resultou em um triplo homic\u00eddio que aconteceu dentro da Sala de Sutura da unidade hospitalar. Um suspeito de assalto e outros dois pacientes que estavam sendo atendidos morreram no local.<\/p>\n","protected":false},"excerpt":{"rendered":"<p>A pedido do Minist\u00e9rio P\u00fablico Estadual, o Ju\u00edzo da 8\u00aa Vara Criminal deferiu o pedido de suspens\u00e3o da reprodu\u00e7\u00e3o simulada do crime que vitimou tr\u00eas pessoas no interior do Hospital de Urg\u00eancia (Huse), no \u00faltimo dia 27 de abril, em Aracaju. Na reconstitui\u00e7\u00e3o, o MP e a Pol\u00edcia Civil iriam reproduzir as a\u00e7\u00f5es dos acusados [&hellip;]<\/p>\n","protected":false},"author":3,"featured_media":24980,"comment_status":"closed","ping_status":"closed","sticky":false,"template":"","format":"standard","meta":{"footnotes":""},"categories":[7],"tags":[],"class_list":{"0":"post-34506","1":"post","2":"type-post","3":"status-publish","4":"format-standard","5":"has-post-thumbnail","7":"category-policia"},"_links":{"self":[{"href":"https:\/\/senoticias.com.br\/se\/wp-json\/wp\/v2\/posts\/34506"}],"collection":[{"href":"https:\/\/senoticias.com.br\/se\/wp-json\/wp\/v2\/posts"}],"about":[{"href":"https:\/\/senoticias.com.br\/se\/wp-json\/wp\/v2\/types\/post"}],"author":[{"embeddable":true,"href":"https:\/\/senoticias.com.br\/se\/wp-json\/wp\/v2\/users\/3"}],"replies":[{"embeddable":true,"href":"https:\/\/senoticias.com.br\/se\/wp-json\/wp\/v2\/comments?post=34506"}],"version-history":[{"count":0,"href":"https:\/\/senoticias.com.br\/se\/wp-json\/wp\/v2\/posts\/34506\/revisions"}],"wp:featuredmedia":[{"embeddable":true,"href":"https:\/\/senoticias.com.br\/se\/wp-json\/wp\/v2\/media\/24980"}],"wp:attachment":[{"href":"https:\/\/senoticias.com.br\/se\/wp-json\/wp\/v2\/media?parent=34506"}],"wp:term":[{"taxonomy":"category","embeddable":true,"href":"https:\/\/senoticias.com.br\/se\/wp-json\/wp\/v2\/categories?post=34506"},{"taxonomy":"post_tag","embeddable":true,"href":"https:\/\/senoticias.com.br\/se\/wp-json\/wp\/v2\/tags?post=34506"}],"curies":[{"name":"wp","href":"https:\/\/api.w.org\/{rel}","templated":true}]}}