{"id":34500,"date":"2012-06-14T18:22:51","date_gmt":"2012-06-14T21:22:51","guid":{"rendered":"http:\/\/senoticias.com.br\/se\/?p=34500"},"modified":"2012-06-15T17:51:41","modified_gmt":"2012-06-15T20:51:41","slug":"34500","status":"publish","type":"post","link":"https:\/\/senoticias.com.br\/se\/34500\/","title":{"rendered":"Governador Marcelo D\u00e9da participa da entrega de 24 retroescavadeiras"},"content":{"rendered":"<div id=\"attachment_34501\" style=\"width: 310px\" class=\"wp-caption alignleft\"><a href=\"http:\/\/senoticias.com.br\/se\/wp-content\/uploads\/2012\/06\/20120614GovDedaentregadeTartoresaprefeitos343.jpg\"><img loading=\"lazy\" decoding=\"async\" aria-describedby=\"caption-attachment-34501\" class=\"size-medium wp-image-34501\" title=\"Gov Deda entrega Tartores a prefeitos\" src=\"http:\/\/senoticias.com.br\/se\/wp-content\/uploads\/2012\/06\/20120614GovDedaentregadeTartoresaprefeitos343-300x198.jpg\" alt=\"\" width=\"300\" height=\"198\" srcset=\"https:\/\/senoticias.com.br\/se\/wp-content\/uploads\/2012\/06\/20120614GovDedaentregadeTartoresaprefeitos343-300x198.jpg 300w, https:\/\/senoticias.com.br\/se\/wp-content\/uploads\/2012\/06\/20120614GovDedaentregadeTartoresaprefeitos343-342x226.jpg 342w, https:\/\/senoticias.com.br\/se\/wp-content\/uploads\/2012\/06\/20120614GovDedaentregadeTartoresaprefeitos343.jpg 700w\" sizes=\"(max-width: 300px) 100vw, 300px\" \/><\/a><p id=\"caption-attachment-34501\" class=\"wp-caption-text\">O governador Marcelo D\u00e9da participou da entrega de 24 m\u00e1quinas retroescavadeiras, uma para cada munic\u00edpio sergipano selecionado de acordo com as regras da segunda etapa do Programa de Acelera\u00e7\u00e3o do Crescimento (PAC 2). \/Marcos Rodrigues\/ASN<\/p><\/div>\n<p style=\"text-align: justify;\">Na manh\u00e3 desta quinta-feira, 14, o governador Marcelo D\u00e9da participou da entrega de 24\u00a0 m\u00e1quinas retroescavadeiras, uma para cada munic\u00edpio sergipano selecionado de acordo com as regras da segunda etapa do Programa de Acelera\u00e7\u00e3o do Crescimento (PAC 2). A a\u00e7\u00e3o, no valor de R$ 4.680 milh\u00f5es e desenvolvida pelo Minist\u00e9rio do Desenvolvimento Agr\u00e1rio (MDA), tamb\u00e9m faz parte das medidas de enfrentamento \u00e0 seca e ir\u00e1 fortalecer a agricultura familiar, melhorar a infraestrutura das estradas vicinais e na limpeza de pequenas barragens que armazenam \u00e1gua para a produ\u00e7\u00e3o agr\u00edcola e dessedenta\u00e7\u00e3o dos animais. A solenidade aconteceu no Parque de Exposi\u00e7\u00f5es Jo\u00e3o Cleophas, em Aracaju.<\/p>\n<p style=\"text-align: justify;\">Em Sergipe, 90% dos estabelecimentos agr\u00edcolas s\u00e3o propriedades de agricultura familiar, as quais produzem mais de R$ 720 milh\u00f5es por ano em milho, feij\u00e3o, arroz e mandioca. Com os equipamentos, as prefeituras poder\u00e3o realizar a manuten\u00e7\u00e3o e abertura de estradas vicinais e executar limpeza de reservat\u00f3rios.<\/p>\n<p style=\"text-align: justify;\">\u201cEsse programa est\u00e1 dentro do PAC 2 e objetiva equipar pequenos munic\u00edpios brasileiros para que as prefeituras tenham condi\u00e7\u00f5es mais \u00e1geis de atender demandas da zona rural, ajudando a\u00a0 melhorar as condi\u00e7\u00f5es de tr\u00e1fego das estradas vicinais, por exemplo. O foco \u00e9 fortalecer a agricultura familiar e ajudar as prefeituras a apoiarem de forma mais eficiente o produtor rural&#8221;, declarou o governador.<\/p>\n<p style=\"text-align: justify;\">Ainda de acordo com D\u00e9da, a tarefa, no exerc\u00edcio de governador, foi criar condi\u00e7\u00f5es para que a entrega desses equipamentos se realizasse da forma mais r\u00e1pida poss\u00edvel, considerando as necessidades das prefeituras e a situa\u00e7\u00e3o de emerg\u00eancia de 11 dos 24 munic\u00edpios beneficiados. &#8220;Essas m\u00e1quinas foram compradas pelo governo da presidenta Dilma, \u00e9 um esfor\u00e7o para ajudar os munic\u00edpios onde a agricultura familiar tem um grande peso na economia\u201d.<\/p>\n<p style=\"text-align: justify;\">Durante sua explana\u00e7\u00e3o, D\u00e9da anunciou que 14 mil fam\u00edlias sergipanas receber\u00e3o a primeira parcela da Bolsa Estiagem ainda em junho. O Bolsa Estiagem \u00e9 um aux\u00edlio de R$ 400 a ser pago em parcelas mensais de at\u00e9 R$ 80. \u201cAs a\u00e7\u00f5es do Governo de combate \u00e0 seca est\u00e3o em andamento. J\u00e1 temos 60 barragens e aguadas limpas. Pr\u00f3xima semana, entregaremos a barragem de Vaca Serrada e ainda este m\u00eas, 14 mil sergipanos estar\u00e3o recebendo o benef\u00edcio da Bolsa Estiagem\u201d.<\/p>\n<p style=\"text-align: justify;\">O delegado federal do MDA em Sergipe, Adailton dos Santos, explicou que as m\u00e1quinas contribuir\u00e3o para aumentar a frota de tratores que est\u00e1 sendo usada nas a\u00e7\u00f5es de combate aos efeitos da seca. Os tratores ser\u00e3o usados na limpeza de pequenas barragens e tanques que armazenam \u00e1gua para a produ\u00e7\u00e3o agr\u00edcola e dessedenta\u00e7\u00e3o dos animais. \u201cEstamos vivendo um per\u00edodo cr\u00edtico de estiagem, com 18 munic\u00edpios em situa\u00e7\u00e3o de emerg\u00eancia\u201d, disse.<\/p>\n<p style=\"text-align: justify;\"><strong>Sele\u00e7\u00e3o<\/strong><\/p>\n<p style=\"text-align: justify;\">A sele\u00e7\u00e3o das 24 cidades sergipanas considerou a participa\u00e7\u00e3o do Produto Interno Bruto (PIB) agr\u00edcola no PIB total do munic\u00edpio, ter menos de 50 mil habitantes, possuir maior extens\u00e3o territorial e maior presen\u00e7a de agricultores familiares em rela\u00e7\u00e3o ao total dos produtos registrados no munic\u00edpio. Dentre os munic\u00edpios contemplados, 11 est\u00e3o em situa\u00e7\u00e3o de emerg\u00eancia por causa da seca: (Carira, Frei Paulo, Gararu, Monte Alegre de Sergipe, Nossa Senhora da Gl\u00f3ria, Po\u00e7o Redondo, Po\u00e7o Verde, Porto da Folha, S\u00e3o Miguel do Aleixo, Tobias Barreto e Tomar do Geru).<\/p>\n<p style=\"text-align: justify;\">Os outros munic\u00edpios s\u00e3o: Boquim, Indiaroba, Itaporanga D&#8217;Ajuda, Japoat\u00e3, Malhador, Muribeca, Pedrinhas, Riach\u00e3o do Dantas, Ribeir\u00f3polis, Santa Luzia do Itanhy, Santana do S\u00e3o Francisco, S\u00e3o Domingos e Sim\u00e3o Dias.<\/p>\n<p style=\"text-align: justify;\">O secret\u00e1rio de Estado de Agricultura, Jos\u00e9 Sobral, ressaltou que os equipamentos fortalecem a economia agr\u00edcola dos munic\u00edpios beneficiados. \u201cEsse \u00e9 um programa regular do Governo Federal e que foi agilizado devido ao per\u00edodo cr\u00edtico que estamos vivendo. Estamos com 18 munic\u00edpios em situa\u00e7\u00e3o de emerg\u00eancia. Essa doa\u00e7\u00e3o ir\u00e1 fortalecer as a\u00e7\u00f5es do Estado nas regi\u00f5es atingidas pela estiagem, al\u00e9m de ampliar a base de apoio ao agricultor familiar. \u00c9 uma a\u00e7\u00e3o emergencial e estrutural, j\u00e1 que ir\u00e1 ampliar a capacidade de armazenamento de \u00e1guas dessas cidades. Se limpamos uma barragem hoje, ela dura cinco anos, ent\u00e3o \u00e9 uma a\u00e7\u00e3o emergencial, mas o investimento \u00e9 estruturante\u201d, afirmou.<\/p>\n<p style=\"text-align: justify;\">Localizado no territ\u00f3rio Sul do estado, Boquim \u00e9 o maior produtor sergipano de plantas ornamentais e o segundo maior produtor de mandioca. Com o investimento, o escoamento da produ\u00e7\u00e3o agr\u00edcola da cidade tende a melhorar. \u201cTemos uma variedade de produtos agr\u00edcolas e, com a retroescavadeira, poderemos melhorar as estradas e abrir novos caminhos para o escoamento dos produtos. Essa doa\u00e7\u00e3o \u00e9 fundamental para o homem do campo, \u00e9 mais um incentivo para a agricultura familiar. Poderemos abrir mais estradas e recuperar as barragens e aguadas\u201d, disse o prefeito de Boquim, Pedro Barbosa.<\/p>\n<p style=\"text-align: justify;\">O prefeito de Po\u00e7o Redondo, Roberto Ara\u00fajo, informou que a doa\u00e7\u00e3o de retroescavadeiras \u00e9 uma reivindica\u00e7\u00e3o antiga dos produtores do munic\u00edpio. \u201cTemos mais de oito fam\u00edlias atingidas pela seca. Para n\u00f3s, as retroescavadeiras s\u00e3o muito importantes. Todos os a\u00e7udes est\u00e3o secos, com essas m\u00e1quinas, poderemos limp\u00e1-los. Esse \u00e9 um desejo antigo dos agricultores de Po\u00e7o Redondo e sabemos o esfor\u00e7o do Governo do Estado, junto ao Governo Federal, para a libera\u00e7\u00e3o desse investimento\u201d, declarou.<\/p>\n<p style=\"text-align: justify;\"><strong>Parcerias<\/strong><\/p>\n<p style=\"text-align: justify;\">Atualmente, o MDA e o estado de Sergipe s\u00e3o parceiros em sete chamadas p\u00fablicas de Assist\u00eancia T\u00e9cnica e Extens\u00e3o Rural (Ater), al\u00e9m de mais uma em an\u00e1lise para o Plano Brasil Sem Mis\u00e9ria. O Minist\u00e9rio estima que at\u00e9 o final do ano em curso cerca de oito mil fam\u00edlias sejam beneficiadas por essas a\u00e7\u00f5es.<\/p>\n<p><strong>Secretaria de Estado da Comunica\u00e7\u00e3o Social\/Governo de Sergipe<\/strong><\/p>\n","protected":false},"excerpt":{"rendered":"<p>Na manh\u00e3 desta quinta-feira, 14, o governador Marcelo D\u00e9da participou da entrega de 24\u00a0 m\u00e1quinas retroescavadeiras, uma para cada munic\u00edpio sergipano selecionado de acordo com as regras da segunda etapa do Programa de Acelera\u00e7\u00e3o do Crescimento (PAC 2). A a\u00e7\u00e3o, no valor de R$ 4.680 milh\u00f5es e desenvolvida pelo Minist\u00e9rio do Desenvolvimento Agr\u00e1rio (MDA), tamb\u00e9m [&hellip;]<\/p>\n","protected":false},"author":3,"featured_media":34501,"comment_status":"closed","ping_status":"closed","sticky":false,"template":"","format":"standard","meta":{"footnotes":""},"categories":[6],"tags":[],"class_list":{"0":"post-34500","1":"post","2":"type-post","3":"status-publish","4":"format-standard","5":"has-post-thumbnail","7":"category-politica"},"_links":{"self":[{"href":"https:\/\/senoticias.com.br\/se\/wp-json\/wp\/v2\/posts\/34500"}],"collection":[{"href":"https:\/\/senoticias.com.br\/se\/wp-json\/wp\/v2\/posts"}],"about":[{"href":"https:\/\/senoticias.com.br\/se\/wp-json\/wp\/v2\/types\/post"}],"author":[{"embeddable":true,"href":"https:\/\/senoticias.com.br\/se\/wp-json\/wp\/v2\/users\/3"}],"replies":[{"embeddable":true,"href":"https:\/\/senoticias.com.br\/se\/wp-json\/wp\/v2\/comments?post=34500"}],"version-history":[{"count":0,"href":"https:\/\/senoticias.com.br\/se\/wp-json\/wp\/v2\/posts\/34500\/revisions"}],"wp:featuredmedia":[{"embeddable":true,"href":"https:\/\/senoticias.com.br\/se\/wp-json\/wp\/v2\/media\/34501"}],"wp:attachment":[{"href":"https:\/\/senoticias.com.br\/se\/wp-json\/wp\/v2\/media?parent=34500"}],"wp:term":[{"taxonomy":"category","embeddable":true,"href":"https:\/\/senoticias.com.br\/se\/wp-json\/wp\/v2\/categories?post=34500"},{"taxonomy":"post_tag","embeddable":true,"href":"https:\/\/senoticias.com.br\/se\/wp-json\/wp\/v2\/tags?post=34500"}],"curies":[{"name":"wp","href":"https:\/\/api.w.org\/{rel}","templated":true}]}}