{"id":34495,"date":"2012-06-14T18:15:31","date_gmt":"2012-06-14T21:15:31","guid":{"rendered":"http:\/\/senoticias.com.br\/se\/?p=34495"},"modified":"2012-06-14T18:15:50","modified_gmt":"2012-06-14T21:15:50","slug":"policia-recupera-duas-motonetas-e-prende-foragido-da-justica","status":"publish","type":"post","link":"https:\/\/senoticias.com.br\/se\/policia-recupera-duas-motonetas-e-prende-foragido-da-justica\/","title":{"rendered":"Pol\u00edcia recupera duas motonetas e prende foragido da justi\u00e7a"},"content":{"rendered":"<p style=\"text-align: justify;\"><a href=\"http:\/\/senoticias.com.br\/se\/wp-content\/uploads\/2011\/10\/Getam1.jpg\"><img loading=\"lazy\" decoding=\"async\" class=\"alignleft size-medium wp-image-16746\" title=\"Getam\" src=\"http:\/\/senoticias.com.br\/se\/wp-content\/uploads\/2011\/10\/Getam1-283x300.jpg\" alt=\"\" width=\"283\" height=\"300\" srcset=\"https:\/\/senoticias.com.br\/se\/wp-content\/uploads\/2011\/10\/Getam1-283x300.jpg 283w, https:\/\/senoticias.com.br\/se\/wp-content\/uploads\/2011\/10\/Getam1-80x85.jpg 80w, https:\/\/senoticias.com.br\/se\/wp-content\/uploads\/2011\/10\/Getam1.jpg 336w\" sizes=\"(max-width: 283px) 100vw, 283px\" \/><\/a>A Pol\u00edcia Militar de Sergipe, atrav\u00e9s do Grupamento Especial T\u00e1tico de Motos (Getam), recuperou, em apenas 24 horas, duas motonetas e prendeu um foragido da justi\u00e7a sergipana.<\/p>\n<p style=\"text-align: justify;\">Alisson Augusto Alves de Menezes foi localizado atrav\u00e9s de abordagens realizadas pela equipe \u201cEscorpi\u00e3o 08\u201d, na avenida Her\u00e1clito Rollemberg, no conjunto Augusto Franco. A guarni\u00e7\u00e3o visualizou um indiv\u00edduo em atitude suspeita e, mediante consulta, verificou que se tratava de um presidi\u00e1rio beneficiado pelo indulto do Dia das M\u00e3es, que at\u00e9 a noite da quarta-feira, 13, n\u00e3o havia retornado ao estabelecimento prisional.<\/p>\n<p style=\"text-align: justify;\">O indiv\u00edduo, que cumpria pena de quatro anos de reclus\u00e3o pela pr\u00e1tica de roubo, foi encaminhado \u00e0 Delegacia Plantonista.<\/p>\n<p style=\"text-align: justify;\">Motonetas recuperadas &#8211; Ainda na quarta-feira, o Getam recuperou duas motonetas, sendo a primeira pela equipe \u201cEscorpi\u00e3o 09\u201d, na avenida Visconde de Maracaju, no bairro Santos Dumont. Ao fazer abordagens a motociclistas naquela localidade, a guarni\u00e7\u00e3o abordou Jefferson Pinto Nascimento, de 18 anos, conduzindo uma motoneta shineray Phoenix, de cor preta, com restri\u00e7\u00e3o de roubo. O condutor, que alegou n\u00e3o possuir os documentos do ve\u00edculo nem pessoais, foi encaminhado \u00e0 3\u00aa delegacia Metropolitana, onde a equipe do Getam contatou a propriet\u00e1ria do ve\u00edculo para a devolu\u00e7\u00e3o do mesmo.<\/p>\n<p style=\"text-align: justify;\">A segunda motoneta foi localizada atrav\u00e9s de den\u00fancia de populares de que havia uma motoneta abandonada na avenida Her\u00e1clito Rollemberg, no conjunto augusto Franco. Quando a equipe \u201cEscorpi\u00e3o 12\u201d foi at\u00e9 o local indicado, encontrou uma motoneta vermelha de marca Shineray abandonada na via. Ao fazer consulta do ve\u00edculo, foi percebido que tratava-se de produto de furto.<\/p>\n<p style=\"text-align: justify;\"><strong>Ascom\/Pm<\/strong><\/p>\n","protected":false},"excerpt":{"rendered":"<p>A Pol\u00edcia Militar de Sergipe, atrav\u00e9s do Grupamento Especial T\u00e1tico de Motos (Getam), recuperou, em apenas 24 horas, duas motonetas e prendeu um foragido da justi\u00e7a sergipana. Alisson Augusto Alves de Menezes foi localizado atrav\u00e9s de abordagens realizadas pela equipe \u201cEscorpi\u00e3o 08\u201d, na avenida Her\u00e1clito Rollemberg, no conjunto Augusto Franco. A guarni\u00e7\u00e3o visualizou um indiv\u00edduo [&hellip;]<\/p>\n","protected":false},"author":3,"featured_media":16746,"comment_status":"closed","ping_status":"closed","sticky":false,"template":"","format":"standard","meta":{"footnotes":""},"categories":[7],"tags":[],"class_list":{"0":"post-34495","1":"post","2":"type-post","3":"status-publish","4":"format-standard","5":"has-post-thumbnail","7":"category-policia"},"_links":{"self":[{"href":"https:\/\/senoticias.com.br\/se\/wp-json\/wp\/v2\/posts\/34495"}],"collection":[{"href":"https:\/\/senoticias.com.br\/se\/wp-json\/wp\/v2\/posts"}],"about":[{"href":"https:\/\/senoticias.com.br\/se\/wp-json\/wp\/v2\/types\/post"}],"author":[{"embeddable":true,"href":"https:\/\/senoticias.com.br\/se\/wp-json\/wp\/v2\/users\/3"}],"replies":[{"embeddable":true,"href":"https:\/\/senoticias.com.br\/se\/wp-json\/wp\/v2\/comments?post=34495"}],"version-history":[{"count":0,"href":"https:\/\/senoticias.com.br\/se\/wp-json\/wp\/v2\/posts\/34495\/revisions"}],"wp:featuredmedia":[{"embeddable":true,"href":"https:\/\/senoticias.com.br\/se\/wp-json\/wp\/v2\/media\/16746"}],"wp:attachment":[{"href":"https:\/\/senoticias.com.br\/se\/wp-json\/wp\/v2\/media?parent=34495"}],"wp:term":[{"taxonomy":"category","embeddable":true,"href":"https:\/\/senoticias.com.br\/se\/wp-json\/wp\/v2\/categories?post=34495"},{"taxonomy":"post_tag","embeddable":true,"href":"https:\/\/senoticias.com.br\/se\/wp-json\/wp\/v2\/tags?post=34495"}],"curies":[{"name":"wp","href":"https:\/\/api.w.org\/{rel}","templated":true}]}}