{"id":34467,"date":"2012-06-14T15:09:01","date_gmt":"2012-06-14T18:09:01","guid":{"rendered":"http:\/\/senoticias.com.br\/se\/?p=34467"},"modified":"2012-06-14T23:16:52","modified_gmt":"2012-06-15T02:16:52","slug":"presidente-da-amurces-destaca-beneficios-de-retroescavadeiras-para-o-interior-de-sergipe","status":"publish","type":"post","link":"https:\/\/senoticias.com.br\/se\/presidente-da-amurces-destaca-beneficios-de-retroescavadeiras-para-o-interior-de-sergipe\/","title":{"rendered":"Presidente da Amurces destaca benef\u00edcios de retroescavadeiras para o interior de Sergipe"},"content":{"rendered":"<div id=\"attachment_34468\" style=\"width: 310px\" class=\"wp-caption alignleft\"><a href=\"http:\/\/senoticias.com.br\/se\/wp-content\/uploads\/2012\/06\/DSC_01901.jpg\"><img loading=\"lazy\" decoding=\"async\" aria-describedby=\"caption-attachment-34468\" class=\"size-medium wp-image-34468\" title=\"DSC_0190(1)\" src=\"http:\/\/senoticias.com.br\/se\/wp-content\/uploads\/2012\/06\/DSC_01901-300x199.jpg\" alt=\"\" width=\"300\" height=\"199\" srcset=\"https:\/\/senoticias.com.br\/se\/wp-content\/uploads\/2012\/06\/DSC_01901-300x199.jpg 300w, https:\/\/senoticias.com.br\/se\/wp-content\/uploads\/2012\/06\/DSC_01901-342x227.jpg 342w, https:\/\/senoticias.com.br\/se\/wp-content\/uploads\/2012\/06\/DSC_01901.jpg 643w\" sizes=\"(max-width: 300px) 100vw, 300px\" \/><\/a><p id=\"caption-attachment-34468\" class=\"wp-caption-text\">O prefeito de Po\u00e7o Verde e presidente da Associa\u00e7\u00e3o dos Munic\u00edpios da Regi\u00e3o Centro Sul de Sergipe (AMURCES), Ant\u00f4nio da Fonseca D\u00f3rea (o Toinho de Dorinha) \/ Reprodu\u00e7\u00e3o<\/p><\/div>\n<p style=\"text-align: justify;\">Na manh\u00e3 desta quinta-feira, 14, aconteceu a solenidade de entrega de 24 retroescavadeiras, no Parque de Exposi\u00e7\u00e3o Jo\u00e3o Cleophas, em Aracaju. A a\u00e7\u00e3o foi desenvolvida pelo Minist\u00e9rio do Desenvolvimento Agr\u00e1rio (MDA) e faz parte das medidas de combate \u00e0 seca. Cada munic\u00edpio sergipano selecionado de acordo com as regras da segunda etapa do Programa de Acelera\u00e7\u00e3o do Crescimento (PAC 2) recebeu uma m\u00e1quina.<\/p>\n<p>Participaram da entrega de chaves das m\u00e1quinas aos prefeitos dos munic\u00edpios beneficiados o governador do Estado de Sergipe, Marcelo D\u00e9da, o delegado federal do MDA no Estado de Sergipe, Adailton dos Santos, o superintendente regional da CAIXA em Sergipe, Luciano Pimentel, o deputado federal Valadares Filho (PSB) e os deputados estaduais Jo\u00e3o Daniel (PT) e Gustinho Ribeiro (PSD), entre outras autoridades.<\/p>\n<p>O objetivo da entrega das m\u00e1quinas aos munic\u00edpios \u00e9 fortalecer a agricultura familiar, atrav\u00e9s da melhoria da infraestrutura das estradas vicinais para escoamento da produ\u00e7\u00e3o. Al\u00e9m disso, as m\u00e1quinas dever\u00e3o contribuir para aumentar a frota de tratores que est\u00e1 sendo usada nas a\u00e7\u00f5es de combate aos efeitos da seca nos munic\u00edpios afetados. Dos munic\u00edpios beneficiados, 11 est\u00e3o em situa\u00e7\u00e3o de emerg\u00eancia em virtude da seca (Carira, Frei Paulo, Gararu, Monte Alegre de Sergipe, Nossa Senhora da Gl\u00f3ria, Po\u00e7o Redondo, Po\u00e7o Verde, Porto da Folha, S\u00e3o Miguel do Aleixo, Tobias Barreto e Tomar do Geru).<\/p>\n<p>O prefeito de Po\u00e7o Verde e presidente da Associa\u00e7\u00e3o dos Munic\u00edpios da Regi\u00e3o Centro Sul de Sergipe (AMURCES), Ant\u00f4nio da Fonseca D\u00f3rea (o Toinho de Dorinha), foi o primeiro a receber de Marcelo D\u00e9da a chave da retroescavadeira para o munic\u00edpio. O gestor aproveitou a ocasi\u00e3o para agradecer o empenho do governador. A reivindica\u00e7\u00e3o das m\u00e1quinas partiu de uma iniciativa da AMURCES, representada por Toinho de Dorinha, que ap\u00f3s uma conversa com o deputado Jo\u00e3o Daniel, apresentou um expediente \u00e0 presidenta Dilma Rousseff relatando o problema da estiagem enfrentado pelos munic\u00edpios e solicitou as m\u00e1quinas.<\/p>\n<p>\u201cQuando a presidenta Dilma veio a Sergipe para a implanta\u00e7\u00e3o do Projeto Carnalita, aproveitamos a oportunidade para explicar as dificuldades de muitos munic\u00edpios em virtude do per\u00edodo de estiagem. Ela prontamente pegou o documento e depois me deu uma resposta, informando que havia falado com o ministro Gilberto Vargas e as m\u00e1quinas seriam entregues o mais breve poss\u00edvel. Gra\u00e7as a Deus, n\u00e3o demorou muito e hoje est\u00e1 acontecendo a entrega num momento importante em nosso estado, bem como em todo o Nordeste, que \u00e9 o per\u00edodo de estiagem\u201d, ressaltou Toinho de Dorinha.<\/p>\n<p>Os demais munic\u00edpios contemplados foram: Boquim, Indiaroba, Itaporanga D&#8217;Ajuda, Japoat\u00e3, Malhador, Muribeca, Pedrinhas, Riach\u00e3o do Dantas, Ribeir\u00f3polis, Santa Luzia do Itanhy, Santana do S\u00e3o Francisco, S\u00e3o Domingos e Sim\u00e3o Dias. Para o prefeito de Sim\u00e3o Dias, Denisson Deda, a m\u00e1quina chegou em boa hora para a cidade, pois ir\u00e1 suprir muitas necessidades. \u201cN\u00f3s vamos poder ampliar aqueles servi\u00e7os que s\u00e3o essenciais para esse tipo de m\u00e1quina, como a limpeza de aguadas e tanques que armazenam \u00e1gua para a produ\u00e7\u00e3o agr\u00edcola, a pr\u00f3pria escava\u00e7\u00e3o e a melhoria de nossas estradas\u201d, frisou.<\/p>\n<p>O gestor frisou ainda que a m\u00e1quina ir\u00e1 se somar aos trabalhos de preven\u00e7\u00e3o que s\u00e3o feitos no munic\u00edpio para suportar uma estiagem mais prolongada ou at\u00e9 mesmo a seca. \u201cE ela j\u00e1 vai chegar trabalhando. N\u00f3s j\u00e1 temos uma agenda, um cronograma elaborado justamente para melhorar o atendimento \u00e0s comunidades atrav\u00e9s dos equipamentos\u201d, garante Denisson Deda. Na \u00faltima quarta-feira, 13, aproximadamente 50 funcion\u00e1rios e servidores das prefeituras foram treinados para operar as m\u00e1quinas. A medida foi tomada devido \u00e0 exig\u00eancia prevista em edital para a entrega das retroescavadeiras.<\/p>\n<p style=\"text-align: justify;\"><a href=\"http:\/\/senoticias.com.br\/se\/wp-content\/uploads\/2011\/06\/EMPAUTA.jpg\"><img loading=\"lazy\" decoding=\"async\" class=\"alignleft size-full wp-image-8212\" title=\"EMPAUTA\" src=\"http:\/\/senoticias.com.br\/se\/wp-content\/uploads\/2011\/06\/EMPAUTA.jpg\" alt=\"\" width=\"100\" height=\"48\" \/><\/a><\/p>\n","protected":false},"excerpt":{"rendered":"<p>Na manh\u00e3 desta quinta-feira, 14, aconteceu a solenidade de entrega de 24 retroescavadeiras, no Parque de Exposi\u00e7\u00e3o Jo\u00e3o Cleophas, em Aracaju. A a\u00e7\u00e3o foi desenvolvida pelo Minist\u00e9rio do Desenvolvimento Agr\u00e1rio (MDA) e faz parte das medidas de combate \u00e0 seca. Cada munic\u00edpio sergipano selecionado de acordo com as regras da segunda etapa do Programa de [&hellip;]<\/p>\n","protected":false},"author":3,"featured_media":34468,"comment_status":"closed","ping_status":"closed","sticky":false,"template":"","format":"standard","meta":{"footnotes":""},"categories":[38,6],"tags":[],"class_list":{"0":"post-34467","1":"post","2":"type-post","3":"status-publish","4":"format-standard","5":"has-post-thumbnail","7":"category-municipios","8":"category-politica"},"_links":{"self":[{"href":"https:\/\/senoticias.com.br\/se\/wp-json\/wp\/v2\/posts\/34467"}],"collection":[{"href":"https:\/\/senoticias.com.br\/se\/wp-json\/wp\/v2\/posts"}],"about":[{"href":"https:\/\/senoticias.com.br\/se\/wp-json\/wp\/v2\/types\/post"}],"author":[{"embeddable":true,"href":"https:\/\/senoticias.com.br\/se\/wp-json\/wp\/v2\/users\/3"}],"replies":[{"embeddable":true,"href":"https:\/\/senoticias.com.br\/se\/wp-json\/wp\/v2\/comments?post=34467"}],"version-history":[{"count":0,"href":"https:\/\/senoticias.com.br\/se\/wp-json\/wp\/v2\/posts\/34467\/revisions"}],"wp:featuredmedia":[{"embeddable":true,"href":"https:\/\/senoticias.com.br\/se\/wp-json\/wp\/v2\/media\/34468"}],"wp:attachment":[{"href":"https:\/\/senoticias.com.br\/se\/wp-json\/wp\/v2\/media?parent=34467"}],"wp:term":[{"taxonomy":"category","embeddable":true,"href":"https:\/\/senoticias.com.br\/se\/wp-json\/wp\/v2\/categories?post=34467"},{"taxonomy":"post_tag","embeddable":true,"href":"https:\/\/senoticias.com.br\/se\/wp-json\/wp\/v2\/tags?post=34467"}],"curies":[{"name":"wp","href":"https:\/\/api.w.org\/{rel}","templated":true}]}}