{"id":34456,"date":"2012-06-14T09:35:59","date_gmt":"2012-06-14T12:35:59","guid":{"rendered":"http:\/\/senoticias.com.br\/se\/?p=34456"},"modified":"2012-06-14T15:29:04","modified_gmt":"2012-06-14T18:29:04","slug":"%e2%80%9cprefiro-que-o-dinheiro-de-rosario-fique-com-capela%e2%80%9d-defende-laercio-passos","status":"publish","type":"post","link":"https:\/\/senoticias.com.br\/se\/%e2%80%9cprefiro-que-o-dinheiro-de-rosario-fique-com-capela%e2%80%9d-defende-laercio-passos\/","title":{"rendered":"\u201cPrefiro que o dinheiro de Ros\u00e1rio fique com Capela\u201d, defende L\u00e1ercio Passos"},"content":{"rendered":"<p><strong>Declara\u00e7\u00e3o mostra que ex-prefeito n\u00e3o tem compromisso com Ros\u00e1rio do Catete<\/strong>,<strong> afirma Etelvino Barreto<\/strong><\/p>\n<div id=\"attachment_34271\" style=\"width: 232px\" class=\"wp-caption alignleft\"><a href=\"http:\/\/senoticias.com.br\/se\/wp-content\/uploads\/2012\/06\/laercio-passos-rosario-catete.jpg\"><img loading=\"lazy\" decoding=\"async\" aria-describedby=\"caption-attachment-34271\" class=\"size-medium wp-image-34271\" title=\"laercio-passos-rosario-catete\" src=\"http:\/\/senoticias.com.br\/se\/wp-content\/uploads\/2012\/06\/laercio-passos-rosario-catete-222x300.jpg\" alt=\"\" width=\"222\" height=\"300\" srcset=\"https:\/\/senoticias.com.br\/se\/wp-content\/uploads\/2012\/06\/laercio-passos-rosario-catete-222x300.jpg 222w, https:\/\/senoticias.com.br\/se\/wp-content\/uploads\/2012\/06\/laercio-passos-rosario-catete.jpg 277w\" sizes=\"(max-width: 222px) 100vw, 222px\" \/><\/a><p id=\"caption-attachment-34271\" class=\"wp-caption-text\">La\u00e9rcio Passos: \u201cprefiro que o dinheiro de Ros\u00e1rio fique com Capela\u201d. (Reprodu\u00e7\u00e3o)<\/p><\/div>\n<p style=\"text-align: justify;\">Em entrevista hoje pela manh\u00e3 ao radialista George Magalh\u00e3es, na r\u00e1dio Megga FM, o ex-prefeito de Ros\u00e1rio do Catete, La\u00e9rcio Passos (PSD), declarou que prefere que os recursos p\u00fablicos de uma briga judicial envolvendo seu munic\u00edpio e a cidade de Capela fiquem com a administra\u00e7\u00e3o do prefeito Manoel Messias Sukita Santos (PSB).<\/p>\n<p style=\"text-align: justify;\">H\u00e1 anos que Ros\u00e1rio e Capela disputam cerca de R$ 1,3 milh\u00e3o oriundo do ICMS da Vale pela explora\u00e7\u00e3o de pot\u00e1ssio na regi\u00e3o. H\u00e1 mais de quatro anos que esse valor est\u00e1 sendo pago para Capela, mas uma recente decis\u00e3o do Superior Tribunal de Justi\u00e7a mudou a situa\u00e7\u00e3o, considerando que o dinheiro pertence ao munic\u00edpio de Ros\u00e1rio do Catete.<\/p>\n<p style=\"text-align: justify;\">Contrariando tamb\u00e9m uma recente decis\u00e3o do Tribunal de Contas do Estado (TCE), que determinou o dep\u00f3sito em ju\u00edzo do valor que era repassado todos os meses para Capela, La\u00e9rcio Passos confessou que, mesmo sendo rosarense e ex-prefeito do munic\u00edpio, acha injusto que o munic\u00edpio vizinho arque com esse preju\u00edzo.<\/p>\n<p style=\"text-align: justify;\">\u201cEu prefiro hoje que esse dinheiro p\u00fablico, ao inv\u00e9s de ser mal aplicado, fique na m\u00e3o de Capela, pelo menos Sukita a gente v\u00ea outra realidade. A diferen\u00e7a entre Capela e Ros\u00e1rio \u00e9 muito grande\u201d, declarou La\u00e9rcio Passos, que \u00e9 pr\u00e9-candidato a prefeito do munic\u00edpio pela quarta vez.<\/p>\n<p style=\"text-align: justify;\">Quanto a den\u00fancia do ex-prefeito de que os garis est\u00e3o com sal\u00e1rios atrasados, a Prefeitura de Ros\u00e1rio do Catete, atrav\u00e9s de sua assessoria de comunica\u00e7\u00e3o, informou que a den\u00fancia n\u00e3o tem fundamento, e garantiu que a folha de pagamento est\u00e1 em dia, inclusive o sal\u00e1rio dos garis. A assessoria tamb\u00e9m lamentou a posi\u00e7\u00e3o do ex-prefeito em defender que o dinheiro oriundo do ICMS fique com Capela e n\u00e3o com Ros\u00e1rio.<\/p>\n<p style=\"text-align: justify;\">No entender do prefeito Etelvino Barreto (PMDB), o ex-prefeito La\u00e9rcio Passos demonstra claramente que n\u00e3o tem amor, carinho, respeito e compromisso pelo seu povo ao defender Capela na briga judicial. &#8220;La\u00e9rcio com esse depoimento p\u00fablico deixa claro que est\u00e1 a servi\u00e7o de Capela e n\u00e3o de Ros\u00e1rio, uma vez que \u00e9 p\u00fablico o compromisso dele em votar no prefeito Sukita em 2014 para deputado federal. Como prefeito lamento profundamente ver um ex-prefeito defender que o dinheiro de Ros\u00e1rio, que servir\u00e1 para melhorar ainda mais a vida nosso povo, seja direcionado para o munic\u00edpio vizinho&#8221;, disse o prefeito.<\/p>\n<p style=\"text-align: justify;\">Ainda, segundo o prefeito Etelvino Barreto, a declara\u00e7\u00e3o do ex-prefeito deixa claro que sua preocupa\u00e7\u00e3o est\u00e1 relacionada apenas ao compromisso pol\u00edtico com o prefeito de Capela, virando as costas para o povo de Ros\u00e1rio que tanto o apoiou. De acordo com Etelvino, o povo rosarense est\u00e1 revoltado e decepcionado ainda mais com o ex-prefeito La\u00e9rcio Passos. &#8220;\u00c9 algo revoltante, frustrante voc\u00ea ver um ex-prefeito ficar contra o seu munic\u00edpio, o seu povo, a sua gente. Mas como ele n\u00e3o \u00e9 filho de Ros\u00e1rio, como eu sou, posso dizer at\u00e9 que seria anormal ele defender o nosso munic\u00edpio. Mas foi bom este seu depoimento por que agora todos sabem quem verdadeiramente \u00e9 La\u00e9rcio Passos. Um homem p\u00fablico que em nome de acordos pol\u00edticos para 2014 vira as costas para a sua cidade, para a sua popula\u00e7\u00e3o. Eu sugiro que ao inv\u00e9s dele disputar a prefeitura de Ros\u00e1rio, que ele v\u00e1 disputar a prefeitura de Capela, afinal, \u00e9 Capela que ele est\u00e1 defendendo, est\u00e1 a servi\u00e7o, e n\u00e3o Ros\u00e1rio&#8221;, concluiu.<\/p>\n<p style=\"text-align: justify;\"><em><strong>Da Assessoria de Comunica\u00e7\u00e3o<\/strong><\/em><\/p>\n<p>&nbsp;<\/p>\n","protected":false},"excerpt":{"rendered":"<p>Declara\u00e7\u00e3o mostra que ex-prefeito n\u00e3o tem compromisso com Ros\u00e1rio do Catete, afirma Etelvino Barreto Em entrevista hoje pela manh\u00e3 ao radialista George Magalh\u00e3es, na r\u00e1dio Megga FM, o ex-prefeito de Ros\u00e1rio do Catete, La\u00e9rcio Passos (PSD), declarou que prefere que os recursos p\u00fablicos de uma briga judicial envolvendo seu munic\u00edpio e a cidade de Capela [&hellip;]<\/p>\n","protected":false},"author":2,"featured_media":34271,"comment_status":"closed","ping_status":"closed","sticky":false,"template":"","format":"standard","meta":{"footnotes":""},"categories":[38,6],"tags":[],"class_list":{"0":"post-34456","1":"post","2":"type-post","3":"status-publish","4":"format-standard","5":"has-post-thumbnail","7":"category-municipios","8":"category-politica"},"_links":{"self":[{"href":"https:\/\/senoticias.com.br\/se\/wp-json\/wp\/v2\/posts\/34456"}],"collection":[{"href":"https:\/\/senoticias.com.br\/se\/wp-json\/wp\/v2\/posts"}],"about":[{"href":"https:\/\/senoticias.com.br\/se\/wp-json\/wp\/v2\/types\/post"}],"author":[{"embeddable":true,"href":"https:\/\/senoticias.com.br\/se\/wp-json\/wp\/v2\/users\/2"}],"replies":[{"embeddable":true,"href":"https:\/\/senoticias.com.br\/se\/wp-json\/wp\/v2\/comments?post=34456"}],"version-history":[{"count":0,"href":"https:\/\/senoticias.com.br\/se\/wp-json\/wp\/v2\/posts\/34456\/revisions"}],"wp:featuredmedia":[{"embeddable":true,"href":"https:\/\/senoticias.com.br\/se\/wp-json\/wp\/v2\/media\/34271"}],"wp:attachment":[{"href":"https:\/\/senoticias.com.br\/se\/wp-json\/wp\/v2\/media?parent=34456"}],"wp:term":[{"taxonomy":"category","embeddable":true,"href":"https:\/\/senoticias.com.br\/se\/wp-json\/wp\/v2\/categories?post=34456"},{"taxonomy":"post_tag","embeddable":true,"href":"https:\/\/senoticias.com.br\/se\/wp-json\/wp\/v2\/tags?post=34456"}],"curies":[{"name":"wp","href":"https:\/\/api.w.org\/{rel}","templated":true}]}}