{"id":34450,"date":"2012-06-14T07:52:16","date_gmt":"2012-06-14T10:52:16","guid":{"rendered":"http:\/\/senoticias.com.br\/se\/?p=34450"},"modified":"2012-06-14T18:43:22","modified_gmt":"2012-06-14T21:43:22","slug":"policia-militar-recebe-reforcos-para-atuar-nas-ruas-de-sergipe","status":"publish","type":"post","link":"https:\/\/senoticias.com.br\/se\/policia-militar-recebe-reforcos-para-atuar-nas-ruas-de-sergipe\/","title":{"rendered":"Pol\u00edcia Militar recebe refor\u00e7os para atuar nas ruas de Sergipe"},"content":{"rendered":"<p>&nbsp;<\/p>\n<div id=\"attachment_30143\" style=\"width: 310px\" class=\"wp-caption alignleft\"><a href=\"http:\/\/senoticias.com.br\/se\/wp-content\/uploads\/2012\/04\/grande-cel_iunes_26_05.jpg\"><img loading=\"lazy\" decoding=\"async\" aria-describedby=\"caption-attachment-30143\" class=\"size-medium wp-image-30143\" title=\"grande-cel_iunes_26_05\" src=\"http:\/\/senoticias.com.br\/se\/wp-content\/uploads\/2012\/04\/grande-cel_iunes_26_05-300x198.jpg\" alt=\"\" width=\"300\" height=\"198\" \/><\/a><p id=\"caption-attachment-30143\" class=\"wp-caption-text\">Coronel da Pol\u00edcia Militar de Sergipe, Maur\u00edcio Yunes, comandante geral da Pol\u00edcia Militar. (Reprodu\u00e7\u00e3o)<\/p><\/div>\n<p style=\"text-align: justify;\">A Pol\u00edcia Militar recebe refor\u00e7o para o servi\u00e7o nas ruas de Aracaju, nesta quinta-feira (14), s\u00e3o policiais que estavam em desvio de fun\u00e7\u00e3o e outros da \u00e1rea administrativa do pr\u00f3prio comando.<\/p>\n<p style=\"text-align: justify;\">Segundo informa\u00e7\u00f5es do comando mais de 200 policiais ser\u00e3o relocados para o policiamento ostensivo na capital e no interior do Estado, sendo que desses n\u00fameros 40 j\u00e1 foram redistribu\u00eddos para algumas unidades como, as companhias de Turismo, Getam e r\u00e1dio Patrulha.<\/p>\n<p style=\"text-align: justify;\">Um levantamento do comando mostra que 45 homens estavam distribu\u00eddos no pres\u00eddio, 100 no Quartel Central. J\u00e1 na Secretaria de Seguran\u00e7a P\u00fablica s\u00e3o 22 e 20 em outros \u00f3rg\u00e3os.<\/p>\n<p style=\"text-align: justify;\">\u201cEstamos fazendo um enxugamento de toda parte administrativa do Quartel Central. Com a implementa\u00e7\u00e3o de dois expedientes. O que possibilitou a reloca\u00e7\u00e3o desses militares para atividade do policiamento nas ruas de Sergipe\u201d, explicou Maur\u00edcio Iunes, comandante geral da Pol\u00edcia Militar.<\/p>\n<p style=\"text-align: justify;\">Nos pr\u00f3ximos dias os comandantes das unidades receber\u00e3o aux\u00edlio da tecnologia, pois estar\u00e3o com aparelhos que ajudar\u00e1 nos trabalhos nas ruas.<\/p>\n<p><span style=\"color: #000080;\"><em><strong>Do G1 SE<\/strong><\/em><\/span><\/p>\n","protected":false},"excerpt":{"rendered":"<p>&nbsp; A Pol\u00edcia Militar recebe refor\u00e7o para o servi\u00e7o nas ruas de Aracaju, nesta quinta-feira (14), s\u00e3o policiais que estavam em desvio de fun\u00e7\u00e3o e outros da \u00e1rea administrativa do pr\u00f3prio comando. Segundo informa\u00e7\u00f5es do comando mais de 200 policiais ser\u00e3o relocados para o policiamento ostensivo na capital e no interior do Estado, sendo que [&hellip;]<\/p>\n","protected":false},"author":3,"featured_media":30143,"comment_status":"closed","ping_status":"closed","sticky":false,"template":"","format":"standard","meta":{"footnotes":""},"categories":[7],"tags":[],"class_list":{"0":"post-34450","1":"post","2":"type-post","3":"status-publish","4":"format-standard","5":"has-post-thumbnail","7":"category-policia"},"_links":{"self":[{"href":"https:\/\/senoticias.com.br\/se\/wp-json\/wp\/v2\/posts\/34450"}],"collection":[{"href":"https:\/\/senoticias.com.br\/se\/wp-json\/wp\/v2\/posts"}],"about":[{"href":"https:\/\/senoticias.com.br\/se\/wp-json\/wp\/v2\/types\/post"}],"author":[{"embeddable":true,"href":"https:\/\/senoticias.com.br\/se\/wp-json\/wp\/v2\/users\/3"}],"replies":[{"embeddable":true,"href":"https:\/\/senoticias.com.br\/se\/wp-json\/wp\/v2\/comments?post=34450"}],"version-history":[{"count":0,"href":"https:\/\/senoticias.com.br\/se\/wp-json\/wp\/v2\/posts\/34450\/revisions"}],"wp:featuredmedia":[{"embeddable":true,"href":"https:\/\/senoticias.com.br\/se\/wp-json\/wp\/v2\/media\/30143"}],"wp:attachment":[{"href":"https:\/\/senoticias.com.br\/se\/wp-json\/wp\/v2\/media?parent=34450"}],"wp:term":[{"taxonomy":"category","embeddable":true,"href":"https:\/\/senoticias.com.br\/se\/wp-json\/wp\/v2\/categories?post=34450"},{"taxonomy":"post_tag","embeddable":true,"href":"https:\/\/senoticias.com.br\/se\/wp-json\/wp\/v2\/tags?post=34450"}],"curies":[{"name":"wp","href":"https:\/\/api.w.org\/{rel}","templated":true}]}}