{"id":34447,"date":"2012-06-14T07:11:39","date_gmt":"2012-06-14T10:11:39","guid":{"rendered":"http:\/\/senoticias.com.br\/se\/?p=34447"},"modified":"2012-06-14T07:14:20","modified_gmt":"2012-06-14T10:14:20","slug":"jailton-santana-pede-que-energisa-deixe-de-cobrar-de-moradores-pela-retirada-de-postes","status":"publish","type":"post","link":"https:\/\/senoticias.com.br\/se\/jailton-santana-pede-que-energisa-deixe-de-cobrar-de-moradores-pela-retirada-de-postes\/","title":{"rendered":"Jailton Santana pede que Energisa deixe de cobrar de moradores pela retirada de postes"},"content":{"rendered":"<div id=\"attachment_3590\" style=\"width: 310px\" class=\"wp-caption alignleft\"><a href=\"http:\/\/senoticias.com.br\/se\/wp-content\/uploads\/2011\/03\/Jailton-Santana1.jpg\"><img loading=\"lazy\" decoding=\"async\" aria-describedby=\"caption-attachment-3590\" class=\"size-medium wp-image-3590\" title=\"Jailton Santana\" src=\"http:\/\/senoticias.com.br\/se\/wp-content\/uploads\/2011\/03\/Jailton-Santana1-300x199.jpg\" alt=\"\" width=\"300\" height=\"199\" srcset=\"https:\/\/senoticias.com.br\/se\/wp-content\/uploads\/2011\/03\/Jailton-Santana1-300x199.jpg 300w, https:\/\/senoticias.com.br\/se\/wp-content\/uploads\/2011\/03\/Jailton-Santana1-342x227.jpg 342w, https:\/\/senoticias.com.br\/se\/wp-content\/uploads\/2011\/03\/Jailton-Santana1.jpg 650w\" sizes=\"(max-width: 300px) 100vw, 300px\" \/><\/a><p id=\"caption-attachment-3590\" class=\"wp-caption-text\">Vereador Jailton Santana (PSC) \/ Reprodu\u00e7\u00e3o<\/p><\/div>\n<p style=\"text-align: justify;\">Ap\u00f3s receber reclama\u00e7\u00f5es de v\u00e1rios aracajuanos, Jailton Santana (PSC) usou a tribuna na Sess\u00e3o Plen\u00e1ria desta quarta-feira, 13\/6, para solicitar o ap\u00f3io dos demais vereadores com rela\u00e7\u00e3o a projeto que impede determinadas cobran\u00e7as por parte da empresa geradora de energia do Estado, a Energisa.<\/p>\n<p style=\"text-align: justify;\">Um dos exemplos dessas cobran\u00e7as \u00e9 com rela\u00e7\u00e3o \u00e0 retirada de postes quando solicitada por moradores. \u201cMuitas pessoas procuram a empresa para retirar alguns postes que incomodam, por exemplo, ao construir garagem ou andar superior de casas. A rede el\u00e9trica tem causado preju\u00edzo. As pessoas que procuram t\u00eam que custear o servi\u00e7o\u201d, destacou.<\/p>\n<p style=\"text-align: justify;\">Segundo o vereador, a empresa j\u00e1 recebe pela energia fornecida e tamb\u00e9m por impostos, a retirada dos postes deveria ser feita de forma gratuita. \u201cA rua \u00e9 p\u00fablica. Todo mundo sabe. Mas, quando v\u00e3o colocar um poste na porta da casa de um morador n\u00e3o se pede permiss\u00e3o, mas quando a pessoa pede para tirar sabem cobrar\u201d, frisou Jailton ao destacar ainda que o valor cobrado para esse servi\u00e7o varia entre 1.200 a 3.000 mil reais.<\/p>\n<p style=\"text-align: justify;\">Ao finalizar seu discurso em tribuna, o parlamentar mencionou o caso da capital paulista que aprovou o projeto que impede esse tipo de cobran\u00e7a. \u201cEm s\u00e3o Paulo foi assim. Nosso prop\u00f3sito \u00e9 o mesmo. Que sirva de exemplo em outros munic\u00edpios que s\u00e3o atendidos pela Energisa e que, assim, beneficie os moradores\u201d, concluiu.<\/p>\n<p style=\"text-align: justify;\">\n<p><span style=\"color: #666699;\"><em><strong>Thamires Fonseca e Nailton Andrade &#8211; Assessoria Parlamentar<\/strong><\/em><\/span><\/p>\n","protected":false},"excerpt":{"rendered":"<p>Ap\u00f3s receber reclama\u00e7\u00f5es de v\u00e1rios aracajuanos, Jailton Santana (PSC) usou a tribuna na Sess\u00e3o Plen\u00e1ria desta quarta-feira, 13\/6, para solicitar o ap\u00f3io dos demais vereadores com rela\u00e7\u00e3o a projeto que impede determinadas cobran\u00e7as por parte da empresa geradora de energia do Estado, a Energisa. Um dos exemplos dessas cobran\u00e7as \u00e9 com rela\u00e7\u00e3o \u00e0 retirada de [&hellip;]<\/p>\n","protected":false},"author":3,"featured_media":3590,"comment_status":"closed","ping_status":"closed","sticky":false,"template":"","format":"standard","meta":{"footnotes":""},"categories":[15],"tags":[],"class_list":{"0":"post-34447","1":"post","2":"type-post","3":"status-publish","4":"format-standard","5":"has-post-thumbnail","7":"category-destaques"},"_links":{"self":[{"href":"https:\/\/senoticias.com.br\/se\/wp-json\/wp\/v2\/posts\/34447"}],"collection":[{"href":"https:\/\/senoticias.com.br\/se\/wp-json\/wp\/v2\/posts"}],"about":[{"href":"https:\/\/senoticias.com.br\/se\/wp-json\/wp\/v2\/types\/post"}],"author":[{"embeddable":true,"href":"https:\/\/senoticias.com.br\/se\/wp-json\/wp\/v2\/users\/3"}],"replies":[{"embeddable":true,"href":"https:\/\/senoticias.com.br\/se\/wp-json\/wp\/v2\/comments?post=34447"}],"version-history":[{"count":0,"href":"https:\/\/senoticias.com.br\/se\/wp-json\/wp\/v2\/posts\/34447\/revisions"}],"wp:featuredmedia":[{"embeddable":true,"href":"https:\/\/senoticias.com.br\/se\/wp-json\/wp\/v2\/media\/3590"}],"wp:attachment":[{"href":"https:\/\/senoticias.com.br\/se\/wp-json\/wp\/v2\/media?parent=34447"}],"wp:term":[{"taxonomy":"category","embeddable":true,"href":"https:\/\/senoticias.com.br\/se\/wp-json\/wp\/v2\/categories?post=34447"},{"taxonomy":"post_tag","embeddable":true,"href":"https:\/\/senoticias.com.br\/se\/wp-json\/wp\/v2\/tags?post=34447"}],"curies":[{"name":"wp","href":"https:\/\/api.w.org\/{rel}","templated":true}]}}