{"id":34439,"date":"2012-06-13T22:54:10","date_gmt":"2012-06-14T01:54:10","guid":{"rendered":"http:\/\/senoticias.com.br\/se\/?p=34439"},"modified":"2012-06-13T23:06:05","modified_gmt":"2012-06-14T02:06:05","slug":"34439","status":"publish","type":"post","link":"https:\/\/senoticias.com.br\/se\/34439\/","title":{"rendered":"Pol\u00edcia Militar controla princ\u00edpio de fuga no Cenam"},"content":{"rendered":"<p style=\"text-align: justify;\"><a href=\"http:\/\/senoticias.com.br\/se\/wp-content\/uploads\/2012\/06\/Cenan.jpg\"><img loading=\"lazy\" decoding=\"async\" class=\"alignleft size-medium wp-image-34440\" title=\"Cenan\" src=\"http:\/\/senoticias.com.br\/se\/wp-content\/uploads\/2012\/06\/Cenan-300x225.jpg\" alt=\"\" width=\"300\" height=\"225\" srcset=\"https:\/\/senoticias.com.br\/se\/wp-content\/uploads\/2012\/06\/Cenan-300x225.jpg 300w, https:\/\/senoticias.com.br\/se\/wp-content\/uploads\/2012\/06\/Cenan-342x256.jpg 342w, https:\/\/senoticias.com.br\/se\/wp-content\/uploads\/2012\/06\/Cenan-60x45.jpg 60w, https:\/\/senoticias.com.br\/se\/wp-content\/uploads\/2012\/06\/Cenan-150x113.jpg 150w, https:\/\/senoticias.com.br\/se\/wp-content\/uploads\/2012\/06\/Cenan-269x201.jpg 269w, https:\/\/senoticias.com.br\/se\/wp-content\/uploads\/2012\/06\/Cenan.jpg 700w\" sizes=\"(max-width: 300px) 100vw, 300px\" \/><\/a>A Pol\u00edcia Militar de Sergipe, atrav\u00e9s do Batalh\u00e3o de Pol\u00edcia de Choque (BPChq), foi acionada na manh\u00e3 desta quarta-feira, 13, para conter uma rebeli\u00e3o no Centro de Atendimento ao Menor (Cenam). De acordo com o major Carlos Rolemberg, comandante do BPChq, uma equipe de 30 militares em seis viaturas foi mobilizada para controlar a a\u00e7\u00e3o dos jovens, que quebraram cadeados e tentaram dar in\u00edcio a um inc\u00eandio na unidade de aplica\u00e7\u00e3o de medida socioeducativa.<\/p>\n<p style=\"text-align: justify;\">\u201cCom a presen\u00e7a de equipes da Pol\u00edcia Militar e do Corpo de Bombeiros, a a\u00e7\u00e3o dos internos foi contida e n\u00e3o houve fuga nem inc\u00eandio. Para prevenir nova rebeli\u00e3o, uma guarni\u00e7\u00e3o do Choque permanece de prontid\u00e3o na \u00e1rea externa do Cenam e garante a seguran\u00e7a dos sociedaucadores, demais funcion\u00e1rios e dos jovens em priva\u00e7\u00e3o de liberdade\u201d, disse major Rolemberg, destacando que n\u00e3o houve o registro de feridos nesta ocorr\u00eancia.<\/p>\n<p style=\"text-align: justify;\">De acordo com o oficial, um dos jovens, que j\u00e1 completou 18 anos e est\u00e1 em cumprimento de medida socieducativa, foi identificado como mentor da a\u00e7\u00e3o e, portanto, foi conduzido \u00e0 delegacia para lavratura do procedimento cab\u00edvel. Vale ressaltar que a atua\u00e7\u00e3o do Choque contou com a presen\u00e7a do Canil do Batalh\u00e3o, que auxiliou nas buscas de subst\u00e2ncias entorpecentes e conten\u00e7\u00e3o dos internos.<\/p>\n","protected":false},"excerpt":{"rendered":"<p>A Pol\u00edcia Militar de Sergipe, atrav\u00e9s do Batalh\u00e3o de Pol\u00edcia de Choque (BPChq), foi acionada na manh\u00e3 desta quarta-feira, 13, para conter uma rebeli\u00e3o no Centro de Atendimento ao Menor (Cenam). De acordo com o major Carlos Rolemberg, comandante do BPChq, uma equipe de 30 militares em seis viaturas foi mobilizada para controlar a a\u00e7\u00e3o [&hellip;]<\/p>\n","protected":false},"author":3,"featured_media":34440,"comment_status":"closed","ping_status":"closed","sticky":false,"template":"","format":"standard","meta":{"footnotes":""},"categories":[7],"tags":[],"class_list":{"0":"post-34439","1":"post","2":"type-post","3":"status-publish","4":"format-standard","5":"has-post-thumbnail","7":"category-policia"},"_links":{"self":[{"href":"https:\/\/senoticias.com.br\/se\/wp-json\/wp\/v2\/posts\/34439"}],"collection":[{"href":"https:\/\/senoticias.com.br\/se\/wp-json\/wp\/v2\/posts"}],"about":[{"href":"https:\/\/senoticias.com.br\/se\/wp-json\/wp\/v2\/types\/post"}],"author":[{"embeddable":true,"href":"https:\/\/senoticias.com.br\/se\/wp-json\/wp\/v2\/users\/3"}],"replies":[{"embeddable":true,"href":"https:\/\/senoticias.com.br\/se\/wp-json\/wp\/v2\/comments?post=34439"}],"version-history":[{"count":0,"href":"https:\/\/senoticias.com.br\/se\/wp-json\/wp\/v2\/posts\/34439\/revisions"}],"wp:featuredmedia":[{"embeddable":true,"href":"https:\/\/senoticias.com.br\/se\/wp-json\/wp\/v2\/media\/34440"}],"wp:attachment":[{"href":"https:\/\/senoticias.com.br\/se\/wp-json\/wp\/v2\/media?parent=34439"}],"wp:term":[{"taxonomy":"category","embeddable":true,"href":"https:\/\/senoticias.com.br\/se\/wp-json\/wp\/v2\/categories?post=34439"},{"taxonomy":"post_tag","embeddable":true,"href":"https:\/\/senoticias.com.br\/se\/wp-json\/wp\/v2\/tags?post=34439"}],"curies":[{"name":"wp","href":"https:\/\/api.w.org\/{rel}","templated":true}]}}