{"id":34426,"date":"2012-06-13T14:37:11","date_gmt":"2012-06-13T17:37:11","guid":{"rendered":"http:\/\/senoticias.com.br\/se\/?p=34426"},"modified":"2012-06-13T14:38:15","modified_gmt":"2012-06-13T17:38:15","slug":"jovem-e-presa-com-cinco-quilos-de-crack-em-sao-cristova","status":"publish","type":"post","link":"https:\/\/senoticias.com.br\/se\/jovem-e-presa-com-cinco-quilos-de-crack-em-sao-cristova\/","title":{"rendered":"Jovem \u00e9 presa com cinco quilos de crack em S\u00e3o Crist\u00f3v\u00e3o, SE"},"content":{"rendered":"<div id=\"attachment_34427\" style=\"width: 310px\" class=\"wp-caption alignleft\"><a href=\"http:\/\/senoticias.com.br\/se\/wp-content\/uploads\/2012\/06\/SAM_05502.jpg\"><img aria-describedby=\"caption-attachment-34427\" class=\"size-medium wp-image-34427\" title=\"<SAMSUNG DIGITAL CAMERA>&#8221; src=&#8221;http:\/\/senoticias.com.br\/se\/wp-content\/uploads\/2012\/06\/SAM_05502-300&#215;179.jpg&#8221; alt=&#8221;&#8221; width=&#8221;300&#8243; height=&#8221;179&#8243; \/><\/a><p id=\"caption-attachment-34427\" class=\"wp-caption-text\">Policiais federais apreenderam 05 (cinco) kg de crack, em uma barreira de rotina na BR 101, Munic\u00edpio de S\u00e3o Crist\u00f3v\u00e3o\/SE. (PF\/SE)<\/p><\/div>\n<p style=\"text-align: justify;\">Na madrugada de hoje, dia 13, policiais federais apreenderam 05 (cinco) kg de crack, em uma barreira de rotina na BR 101, Munic\u00edpio de S\u00e3o Crist\u00f3v\u00e3o\/SE. O entorpecente era transportado pela passageira identificada como Chayane Alves da Silva, 21 anos, natural de Guarabira\/PB.<\/p>\n<p style=\"text-align: justify;\">A passageira foi presa em flagrante, enquanto viajava em um \u00f4nibus interestadual proveniente do Estado do Rio de Janeiro, quando o ve\u00edculo foi interceptado por policiais federais, que ap\u00f3s dilig\u00eancias, localizaram no interior da mochila da passageira, 05 (cinco) tabletes de um quilo de crack.<\/p>\n<p style=\"text-align: justify;\">Em interrogat\u00f3rio, a presa confessou que era a quinta vez que transportava entorpecente do Rio de Janeiro, todavia n\u00e3o revelou o local onde revenderia o crack apreendido.<\/p>\n<p style=\"text-align: justify;\">Chayene Alves da Silva foi indiciada por tr\u00e1fico interestadual de entorpecentes, nos termos dos artigos 33 e 40, V da Lei 11.343\/2006, encontrando-se detida nesta Superintend\u00eancia Regional de Pol\u00edcia Federal em Sergipe, aguardando a sua transfer\u00eancia para o Pres\u00eddio Feminino de Nossa Senhora do Socorro, com passagem pelo IML para realiza\u00e7\u00e3o de exame de corpo de delito, permanecendo \u00e0 disposi\u00e7\u00e3o do ju\u00edzo da Comarca de S\u00e3o Crist\u00f3v\u00e3o\/SE.<\/p>\n<p><strong>Comunica\u00e7\u00e3o Social \u2013 SR\/SE<\/strong><\/p>\n","protected":false},"excerpt":{"rendered":"<p>Na madrugada de hoje, dia 13, policiais federais apreenderam 05 (cinco) kg de crack, em uma barreira de rotina na BR 101, Munic\u00edpio de S\u00e3o Crist\u00f3v\u00e3o\/SE. O entorpecente era transportado pela passageira identificada como Chayane Alves da Silva, 21 anos, natural de Guarabira\/PB. A passageira foi presa em flagrante, enquanto viajava em um \u00f4nibus interestadual [&hellip;]<\/p>\n","protected":false},"author":3,"featured_media":34427,"comment_status":"closed","ping_status":"closed","sticky":false,"template":"","format":"standard","meta":{"footnotes":""},"categories":[7],"tags":[],"class_list":{"0":"post-34426","1":"post","2":"type-post","3":"status-publish","4":"format-standard","5":"has-post-thumbnail","7":"category-policia"},"_links":{"self":[{"href":"https:\/\/senoticias.com.br\/se\/wp-json\/wp\/v2\/posts\/34426"}],"collection":[{"href":"https:\/\/senoticias.com.br\/se\/wp-json\/wp\/v2\/posts"}],"about":[{"href":"https:\/\/senoticias.com.br\/se\/wp-json\/wp\/v2\/types\/post"}],"author":[{"embeddable":true,"href":"https:\/\/senoticias.com.br\/se\/wp-json\/wp\/v2\/users\/3"}],"replies":[{"embeddable":true,"href":"https:\/\/senoticias.com.br\/se\/wp-json\/wp\/v2\/comments?post=34426"}],"version-history":[{"count":0,"href":"https:\/\/senoticias.com.br\/se\/wp-json\/wp\/v2\/posts\/34426\/revisions"}],"wp:featuredmedia":[{"embeddable":true,"href":"https:\/\/senoticias.com.br\/se\/wp-json\/wp\/v2\/media\/34427"}],"wp:attachment":[{"href":"https:\/\/senoticias.com.br\/se\/wp-json\/wp\/v2\/media?parent=34426"}],"wp:term":[{"taxonomy":"category","embeddable":true,"href":"https:\/\/senoticias.com.br\/se\/wp-json\/wp\/v2\/categories?post=34426"},{"taxonomy":"post_tag","embeddable":true,"href":"https:\/\/senoticias.com.br\/se\/wp-json\/wp\/v2\/tags?post=34426"}],"curies":[{"name":"wp","href":"https:\/\/api.w.org\/{rel}","templated":true}]}}