{"id":34421,"date":"2012-06-13T14:30:52","date_gmt":"2012-06-13T17:30:52","guid":{"rendered":"http:\/\/senoticias.com.br\/se\/?p=34421"},"modified":"2012-06-14T15:40:58","modified_gmt":"2012-06-14T18:40:58","slug":"deda-participa-da-entrega-de-24-retroescavadeiras","status":"publish","type":"post","link":"https:\/\/senoticias.com.br\/se\/deda-participa-da-entrega-de-24-retroescavadeiras\/","title":{"rendered":"D\u00e9da participa da Entrega de 24 retroescavadeiras"},"content":{"rendered":"<div id=\"attachment_27922\" style=\"width: 299px\" class=\"wp-caption alignleft\"><a href=\"http:\/\/senoticias.com.br\/se\/wp-content\/uploads\/2012\/03\/DEFW2595MarcosRodrigues.jpg\"><img loading=\"lazy\" decoding=\"async\" aria-describedby=\"caption-attachment-27922\" class=\"size-medium wp-image-27922\" title=\"Marcelo D\u00e9da\" src=\"http:\/\/senoticias.com.br\/se\/wp-content\/uploads\/2012\/03\/DEFW2595MarcosRodrigues-289x300.jpg\" alt=\"\" width=\"289\" height=\"300\" srcset=\"https:\/\/senoticias.com.br\/se\/wp-content\/uploads\/2012\/03\/DEFW2595MarcosRodrigues-289x300.jpg 289w, https:\/\/senoticias.com.br\/se\/wp-content\/uploads\/2012\/03\/DEFW2595MarcosRodrigues-300x310.jpg 300w, https:\/\/senoticias.com.br\/se\/wp-content\/uploads\/2012\/03\/DEFW2595MarcosRodrigues.jpg 463w\" sizes=\"(max-width: 289px) 100vw, 289px\" \/><\/a><p id=\"caption-attachment-27922\" class=\"wp-caption-text\">D\u00e9da participa da Entrega de 24 retroescavadeiras \/Reprodu\u00e7\u00e3o<\/p><\/div>\n<p style=\"text-align: justify;\">O governador Marcelo D\u00e9da participa nesta quinta-feira, 14, a partir das 10h, no Parque de Exposi\u00e7\u00f5es Jo\u00e3o Cleophas, em Aracaju, da solenidade de entrega de 24 m\u00e1quinas retroescavadeiras para recupera\u00e7\u00e3o de estradas vicinais e na limpeza de reservat\u00f3rios. A a\u00e7\u00e3o, desenvolvida pelo Minist\u00e9rio do Desenvolvimento Agr\u00e1rio (MDA), tamb\u00e9m faz parte das medidas de combate \u00e0 seca e integra a segunda etapa do Programa de Acelera\u00e7\u00e3o do Crescimento (PAC 2).<\/p>\n<p style=\"text-align: justify;\">Com isso, a comercializa\u00e7\u00e3o de produtos dos trabalhadores do campo ganha for\u00e7a e ajuda no incremento da agricultura familiar. Ser\u00e3o 24 munic\u00edpios sergipanos contemplados com uma retroescavadeira. As chaves dos maquin\u00e1rios ser\u00e3o entregues aos prefeitos das cidades de quatro territ\u00f3rios. S\u00e3o eles: Alto Sert\u00e3o, Sert\u00e3o Ocidental, Baixo S\u00e3o Francisco e Sul sergipano.<\/p>\n<p style=\"text-align: justify;\">Confira os munic\u00edpios contemplados:<\/p>\n<p style=\"text-align: justify;\">&#8211; Territ\u00f3rio Alto Sert\u00e3o Sergipano: Gararu, Monte Alegre, Nossa Senhora da Gl\u00f3ria,<br \/>\nPo\u00e7o Redondo, Porto da Folha.<\/p>\n<p style=\"text-align: justify;\">&#8211; Territ\u00f3rio Sul Sergipano: Boquim, Indiaroba, Itaporanga D\u2019Ajuda, Pedrinhas, Santa Luzia do Itanhy e Tomar do Geru.<\/p>\n<p style=\"text-align: justify;\">&#8211; Territ\u00f3rio Sert\u00e3o Ocidental: Carira, Frei Paulo, Po\u00e7o Verde, Ribeir\u00f3polis, S\u00e3o Miguel do Aleixo, Sim\u00e3o Dias, Tobias Barreto, Malhador, S\u00e3o Domingos, Riach\u00e3o do Dantas.<\/p>\n<p style=\"text-align: justify;\">&#8211; Territ\u00f3rio Baixo S\u00e3o Francisco: Muribeca, Japoat\u00e3 e Santana do S\u00e3o Francisco.<\/p>\n<p style=\"text-align: justify;\">Servi\u00e7o:<\/p>\n<p style=\"text-align: justify;\">O qu\u00ea: Entrega de m\u00e1quinas retroescavadeiras<\/p>\n<p style=\"text-align: justify;\">Quando: Quinta-feira, dia 14 de junho, \u00e0s 10h<\/p>\n<p style=\"text-align: justify;\">Onde: Rua Alagoas, s\/n &#8211; Parque de Exposi\u00e7\u00e3o Jo\u00e3o Cleophas, Aracaju<\/p>\n<p style=\"text-align: justify;\">Secretaria de Estado da Comunica\u00e7\u00e3o Social\/Governo de Sergipe<\/p>\n","protected":false},"excerpt":{"rendered":"<p>O governador Marcelo D\u00e9da participa nesta quinta-feira, 14, a partir das 10h, no Parque de Exposi\u00e7\u00f5es Jo\u00e3o Cleophas, em Aracaju, da solenidade de entrega de 24 m\u00e1quinas retroescavadeiras para recupera\u00e7\u00e3o de estradas vicinais e na limpeza de reservat\u00f3rios. A a\u00e7\u00e3o, desenvolvida pelo Minist\u00e9rio do Desenvolvimento Agr\u00e1rio (MDA), tamb\u00e9m faz parte das medidas de combate \u00e0 [&hellip;]<\/p>\n","protected":false},"author":3,"featured_media":27922,"comment_status":"closed","ping_status":"closed","sticky":false,"template":"","format":"standard","meta":{"footnotes":""},"categories":[6],"tags":[],"class_list":{"0":"post-34421","1":"post","2":"type-post","3":"status-publish","4":"format-standard","5":"has-post-thumbnail","7":"category-politica"},"_links":{"self":[{"href":"https:\/\/senoticias.com.br\/se\/wp-json\/wp\/v2\/posts\/34421"}],"collection":[{"href":"https:\/\/senoticias.com.br\/se\/wp-json\/wp\/v2\/posts"}],"about":[{"href":"https:\/\/senoticias.com.br\/se\/wp-json\/wp\/v2\/types\/post"}],"author":[{"embeddable":true,"href":"https:\/\/senoticias.com.br\/se\/wp-json\/wp\/v2\/users\/3"}],"replies":[{"embeddable":true,"href":"https:\/\/senoticias.com.br\/se\/wp-json\/wp\/v2\/comments?post=34421"}],"version-history":[{"count":0,"href":"https:\/\/senoticias.com.br\/se\/wp-json\/wp\/v2\/posts\/34421\/revisions"}],"wp:featuredmedia":[{"embeddable":true,"href":"https:\/\/senoticias.com.br\/se\/wp-json\/wp\/v2\/media\/27922"}],"wp:attachment":[{"href":"https:\/\/senoticias.com.br\/se\/wp-json\/wp\/v2\/media?parent=34421"}],"wp:term":[{"taxonomy":"category","embeddable":true,"href":"https:\/\/senoticias.com.br\/se\/wp-json\/wp\/v2\/categories?post=34421"},{"taxonomy":"post_tag","embeddable":true,"href":"https:\/\/senoticias.com.br\/se\/wp-json\/wp\/v2\/tags?post=34421"}],"curies":[{"name":"wp","href":"https:\/\/api.w.org\/{rel}","templated":true}]}}