{"id":34414,"date":"2012-06-13T12:31:30","date_gmt":"2012-06-13T15:31:30","guid":{"rendered":"http:\/\/senoticias.com.br\/se\/?p=34414"},"modified":"2012-06-14T07:53:22","modified_gmt":"2012-06-14T10:53:22","slug":"mpfse-processa-ex-prefeito-de-n-sra-das-dores-e-empresarios-por-fraude-em-licitacao","status":"publish","type":"post","link":"https:\/\/senoticias.com.br\/se\/mpfse-processa-ex-prefeito-de-n-sra-das-dores-e-empresarios-por-fraude-em-licitacao\/","title":{"rendered":"MPF\/SE processa ex-prefeito de N. Sra. das Dores e empres\u00e1rios por fraude em licita\u00e7\u00e3o"},"content":{"rendered":"<p>&nbsp;<\/p>\n<p style=\"text-align: justify;\"><strong>Fernando Lima Costa, Ivandi Brilhante de Ara\u00fajo e Bruno Fischer Almeida Brilhante s\u00e3o acusados de desviar mais de R$ 300 mil<\/strong><\/p>\n<p style=\"text-align: justify;\"><a href=\"http:\/\/senoticias.com.br\/se\/wp-content\/uploads\/2012\/03\/MPF-SE.jpg\"><img loading=\"lazy\" decoding=\"async\" class=\"alignleft size-full wp-image-27181\" title=\"MPF-SE\" src=\"http:\/\/senoticias.com.br\/se\/wp-content\/uploads\/2012\/03\/MPF-SE.jpg\" alt=\"\" width=\"215\" height=\"234\" \/><\/a>Em Sergipe, o Minist\u00e9rio P\u00fablico Federal (MPF) est\u00e1 processando o ex-prefeito do munic\u00edpio de Nossa Senhora das Dores, Fernando Lima Costa, e os empres\u00e1rios Ivandi Brilhante de Ara\u00fajo e Bruno Fischer Almeida Brilhante por improbidade administrativa. Em 2008, a administra\u00e7\u00e3o fez uma licita\u00e7\u00e3o ilegal para constru\u00e7\u00e3o de casas populares, com verbas federais do Minist\u00e9rio das Cidades. O dano causado ao er\u00e1rio chega a mais de R$ 300 mil.<\/p>\n<p style=\"text-align: justify;\">Relat\u00f3rios da Controladoria-Geral da Uni\u00e3o (CGU) apontaram que as empresas que participaram do certame, inclusive a vencedora, Brilhante Constru\u00e7\u00f5es, sequer existiam fisicamente. Al\u00e9m disso, o edital n\u00e3o foi publicado no Di\u00e1rio Oficial da Uni\u00e3o e ainda houve irregularidade que tirou o car\u00e1ter competitivo do certame, pelo alto valor pedido para aquisi\u00e7\u00e3o do edital, al\u00e9m das exig\u00eancias de capital social m\u00ednimo e pr\u00e9vio dep\u00f3sito financeiro para participa\u00e7\u00e3o.<\/p>\n<p style=\"text-align: justify;\">O procurador da Rep\u00fablica respons\u00e1vel pela a\u00e7\u00e3o, Silvio Amorim J\u00fanior, explica que n\u00e3o \u00e9 poss\u00edvel uma empresa do ramo da constru\u00e7\u00e3o civil, com capital social de grande monta, n\u00e3o possuir estrutura m\u00ednima para sediar suas atividades. Para o procurador, o fato, al\u00e9m de denotar desorganiza\u00e7\u00e3o empresarial, aponta para a ocorr\u00eancia de fraude na licita\u00e7\u00e3o, a fim de beneficiar a empresa vencedora.<\/p>\n<p style=\"text-align: justify;\"><strong>\u00a0Improbidade &#8211;<\/strong> O MPF\/SE requer que o ex-prefeito, Fernando Lima, e os s\u00f3cios da Brilhante Constru\u00e7\u00f5es, Ivandi Brilhante de Ara\u00fajo e Bruno Fischer Almeida Brilhante, sejam condenados a realizar o ressarcimento integral do dano, pagar multa, ficar proibidos de contratar com o poder p\u00fablico e ter os seus direitos pol\u00edticos suspensos por at\u00e9 oito anos. O n\u00famero da a\u00e7\u00e3o de improbidade \u00e9 0001017-83.2012.4.05.8501.<\/p>\n<p style=\"text-align: justify;\"><strong>Den\u00fancia \u2013<\/strong> Em raz\u00e3o dos mesmos fatos, o MPF\/SE apresentou den\u00fancia contra os acusados para que eles respondam o processo tamb\u00e9m criminalmente. A pena para o caso pode chegar a dois ou quatro anos de deten\u00e7\u00e3o e pagamento de multa. A a\u00e7\u00e3o criminal tramita com o n\u00famero 0001018-68.2012.4.05.8501.<\/p>\n<p style=\"text-align: justify;\"><strong>Outros casos &#8211;<\/strong> Essas irregularidades foram apontadas por um relat\u00f3rio da Controladoria-Geral da Uni\u00e3o, finalizado ap\u00f3s a 32\u00aa Etapa do Programa de Fiscaliza\u00e7\u00e3o a partir de Sorteios P\u00fablicos. Este mesmo relat\u00f3rio deu ensejo a seis recomenda\u00e7\u00f5es e a quatro processos contra o atual prefeito de Nossa Senhora das Dores, Aldon Luiz dos Santos.<\/p>\n<p style=\"text-align: justify;\"><strong>Assessoria de Comunica\u00e7\u00e3o<\/strong><br \/>\n<strong>Minist\u00e9rio P\u00fablico Federal em Sergipe<\/strong><\/p>\n","protected":false},"excerpt":{"rendered":"<p>&nbsp; Fernando Lima Costa, Ivandi Brilhante de Ara\u00fajo e Bruno Fischer Almeida Brilhante s\u00e3o acusados de desviar mais de R$ 300 mil Em Sergipe, o Minist\u00e9rio P\u00fablico Federal (MPF) est\u00e1 processando o ex-prefeito do munic\u00edpio de Nossa Senhora das Dores, Fernando Lima Costa, e os empres\u00e1rios Ivandi Brilhante de Ara\u00fajo e Bruno Fischer Almeida Brilhante [&hellip;]<\/p>\n","protected":false},"author":3,"featured_media":27181,"comment_status":"closed","ping_status":"closed","sticky":false,"template":"","format":"standard","meta":{"footnotes":""},"categories":[6],"tags":[],"class_list":{"0":"post-34414","1":"post","2":"type-post","3":"status-publish","4":"format-standard","5":"has-post-thumbnail","7":"category-politica"},"_links":{"self":[{"href":"https:\/\/senoticias.com.br\/se\/wp-json\/wp\/v2\/posts\/34414"}],"collection":[{"href":"https:\/\/senoticias.com.br\/se\/wp-json\/wp\/v2\/posts"}],"about":[{"href":"https:\/\/senoticias.com.br\/se\/wp-json\/wp\/v2\/types\/post"}],"author":[{"embeddable":true,"href":"https:\/\/senoticias.com.br\/se\/wp-json\/wp\/v2\/users\/3"}],"replies":[{"embeddable":true,"href":"https:\/\/senoticias.com.br\/se\/wp-json\/wp\/v2\/comments?post=34414"}],"version-history":[{"count":0,"href":"https:\/\/senoticias.com.br\/se\/wp-json\/wp\/v2\/posts\/34414\/revisions"}],"wp:featuredmedia":[{"embeddable":true,"href":"https:\/\/senoticias.com.br\/se\/wp-json\/wp\/v2\/media\/27181"}],"wp:attachment":[{"href":"https:\/\/senoticias.com.br\/se\/wp-json\/wp\/v2\/media?parent=34414"}],"wp:term":[{"taxonomy":"category","embeddable":true,"href":"https:\/\/senoticias.com.br\/se\/wp-json\/wp\/v2\/categories?post=34414"},{"taxonomy":"post_tag","embeddable":true,"href":"https:\/\/senoticias.com.br\/se\/wp-json\/wp\/v2\/tags?post=34414"}],"curies":[{"name":"wp","href":"https:\/\/api.w.org\/{rel}","templated":true}]}}