{"id":34406,"date":"2012-06-13T08:25:21","date_gmt":"2012-06-13T11:25:21","guid":{"rendered":"http:\/\/senoticias.com.br\/se\/?p=34406"},"modified":"2012-06-13T08:25:21","modified_gmt":"2012-06-13T11:25:21","slug":"assassino-do-pm-sergipano-e-mais-dez-presos-fogem-de-delegacia-veja-video","status":"publish","type":"post","link":"https:\/\/senoticias.com.br\/se\/assassino-do-pm-sergipano-e-mais-dez-presos-fogem-de-delegacia-veja-video\/","title":{"rendered":"Assassino do PM sergipano e mais dez presos fogem de delegacia. Veja v\u00eddeo"},"content":{"rendered":"<p><span style=\"color: #333333;\"><strong>Os detentos furaram um buraco na parede de uma das celas e fugiram na madrugada desta ter\u00e7a-feira (12).<\/strong><\/span><\/p>\n<div id=\"attachment_34407\" style=\"width: 260px\" class=\"wp-caption alignleft\"><a href=\"http:\/\/senoticias.com.br\/se\/wp-content\/uploads\/2012\/06\/aW1hZ2Vucy8xMzM5NTM3NTI2MTAwMzUxMS5qcGc.jpg\"><img loading=\"lazy\" decoding=\"async\" aria-describedby=\"caption-attachment-34407\" class=\"size-full wp-image-34407\" title=\"Buraco\" src=\"http:\/\/senoticias.com.br\/se\/wp-content\/uploads\/2012\/06\/aW1hZ2Vucy8xMzM5NTM3NTI2MTAwMzUxMS5qcGc.jpg\" alt=\"\" width=\"250\" height=\"187\" srcset=\"https:\/\/senoticias.com.br\/se\/wp-content\/uploads\/2012\/06\/aW1hZ2Vucy8xMzM5NTM3NTI2MTAwMzUxMS5qcGc.jpg 250w, https:\/\/senoticias.com.br\/se\/wp-content\/uploads\/2012\/06\/aW1hZ2Vucy8xMzM5NTM3NTI2MTAwMzUxMS5qcGc-60x45.jpg 60w, https:\/\/senoticias.com.br\/se\/wp-content\/uploads\/2012\/06\/aW1hZ2Vucy8xMzM5NTM3NTI2MTAwMzUxMS5qcGc-150x113.jpg 150w\" sizes=\"(max-width: 250px) 100vw, 250px\" \/><\/a><p id=\"caption-attachment-34407\" class=\"wp-caption-text\">Custodiados abriram um buraco na parede da cela de n\u00famero tr\u00eas das carceragens e conseguiram sair nos fundos da delegacia por onde tiveram acesso \u00e0 rua.(Foto:\u00cdtallo Tim\u00f3teo)<\/p><\/div>\n<p style=\"text-align: justify;\">O acusado de assassinar a tiros o policial militar de Sergipe Ronildo Alves conseguiu escapar junto com outros 10 presos da delegacia regional de Delmiro Gouveia, na madrugada desta ter\u00e7a-feira (12). D\u00e9cio de Oliveira e os outros custodiados abriram um buraco na parede da cela de n\u00famero tr\u00eas das carceragens e conseguiram sair nos fundos da delegacia por onde tiveram acesso \u00e0 rua.<\/p>\n<p style=\"text-align: justify;\">Segundo agentes policiais, a fuga foi descoberta na troca de plant\u00e3o quando eles notaram a falta de alguns detentos e ouviram o relato do restante que n\u00e3o fugiu e confessou a escapat\u00f3ria dos colegas. Conforme os presos, a maior parte dos foragidos escapou na madrugada e outros j\u00e1 de manh\u00e3. Conforme os policiais plantonistas, outros presos tiveram a chance de fugir, mas por raz\u00f5es pr\u00f3prias n\u00e3o o fizeram.<\/p>\n<p style=\"text-align: justify;\">Policiais militares do 9\u00ba Batalh\u00e3o foram chamados para ajudar nas buscas pelos foragidos, mas at\u00e9 o momento ningu\u00e9m foi recapturado. A cela danificada foi interditada para passar por per\u00edcia.<\/p>\n<p style=\"text-align: justify;\">Ap\u00f3s a escapat\u00f3ria a delegacia ainda permanece com 31 presos.<\/p>\n<p>http:\/\/youtu.be\/UpfT1IZ23Wk<\/p>\n<p><strong>Foragidos<\/strong><\/p>\n<p>\u2022 Andr\u00e9 Alves da Silva \u2013 Porte de arma de fogo e furto<br \/>\n\u2022 Denivaldo Pereira dos Santos \u201cBab\u00e1\u201d \u2013 Homic\u00eddio<br \/>\n\u2022 Edivaldo Ferreira de Lima \u201cNego de Guirrinha\u201d \u2013 Mandado de pris\u00e3o<br \/>\n\u2022 C\u00edcero Ivo da Silva \u2013 Roubo<br \/>\n\u2022 Hamilton Carlos dos Santos \u2013 Roubo<br \/>\n\u2022 Jos\u00e9 Mauro Gomes Viana \u2013 Mandado de pris\u00e3o<br \/>\n\u2022 Josielson Jesus Santos \u2013 Roubo<br \/>\n\u2022 Uilson Parna\u00edba dos Santos \u2013 Homic\u00eddio<br \/>\n\u2022 Jos\u00e9 Erinaldo Galdino<br \/>\n\u2022 D\u00e9cio de Oliveira Santos \u2013 Homic\u00eddio<br \/>\n\u2022 Manoel Alves da Silva &#8211; Furto<\/p>\n<p>&nbsp;<\/p>\n<p><span style=\"color: #0000ff;\"><strong><a href=\"  http:\/\/cadaminuto.com.br\/externo\/interior\/174163\/acusado-de-matar-pm-de-sergipe-foge-junto-com-nove-de-delegacia\" target=\"_blank\">por Jota Silva com \u00cdtallo Tim\u00f3teo &#8211; Cada Minuto<\/a><\/strong><\/span><\/p>\n","protected":false},"excerpt":{"rendered":"<p>Os detentos furaram um buraco na parede de uma das celas e fugiram na madrugada desta ter\u00e7a-feira (12). O acusado de assassinar a tiros o policial militar de Sergipe Ronildo Alves conseguiu escapar junto com outros 10 presos da delegacia regional de Delmiro Gouveia, na madrugada desta ter\u00e7a-feira (12). D\u00e9cio de Oliveira e os outros [&hellip;]<\/p>\n","protected":false},"author":2,"featured_media":34407,"comment_status":"closed","ping_status":"closed","sticky":false,"template":"","format":"standard","meta":{"footnotes":""},"categories":[15],"tags":[],"class_list":{"0":"post-34406","1":"post","2":"type-post","3":"status-publish","4":"format-standard","5":"has-post-thumbnail","7":"category-destaques"},"_links":{"self":[{"href":"https:\/\/senoticias.com.br\/se\/wp-json\/wp\/v2\/posts\/34406"}],"collection":[{"href":"https:\/\/senoticias.com.br\/se\/wp-json\/wp\/v2\/posts"}],"about":[{"href":"https:\/\/senoticias.com.br\/se\/wp-json\/wp\/v2\/types\/post"}],"author":[{"embeddable":true,"href":"https:\/\/senoticias.com.br\/se\/wp-json\/wp\/v2\/users\/2"}],"replies":[{"embeddable":true,"href":"https:\/\/senoticias.com.br\/se\/wp-json\/wp\/v2\/comments?post=34406"}],"version-history":[{"count":0,"href":"https:\/\/senoticias.com.br\/se\/wp-json\/wp\/v2\/posts\/34406\/revisions"}],"wp:featuredmedia":[{"embeddable":true,"href":"https:\/\/senoticias.com.br\/se\/wp-json\/wp\/v2\/media\/34407"}],"wp:attachment":[{"href":"https:\/\/senoticias.com.br\/se\/wp-json\/wp\/v2\/media?parent=34406"}],"wp:term":[{"taxonomy":"category","embeddable":true,"href":"https:\/\/senoticias.com.br\/se\/wp-json\/wp\/v2\/categories?post=34406"},{"taxonomy":"post_tag","embeddable":true,"href":"https:\/\/senoticias.com.br\/se\/wp-json\/wp\/v2\/tags?post=34406"}],"curies":[{"name":"wp","href":"https:\/\/api.w.org\/{rel}","templated":true}]}}