{"id":34396,"date":"2012-06-13T06:27:00","date_gmt":"2012-06-13T09:27:00","guid":{"rendered":"http:\/\/senoticias.com.br\/se\/?p=34396"},"modified":"2013-05-18T13:00:09","modified_gmt":"2013-05-18T16:00:09","slug":"pmdb-realiza-forum-para-discutir-propostas-de-governo","status":"publish","type":"post","link":"https:\/\/senoticias.com.br\/se\/pmdb-realiza-forum-para-discutir-propostas-de-governo\/","title":{"rendered":"PMDB realiza F\u00f3rum para discutir propostas de Governo em S\u00e3o Crist\u00f3v\u00e3o"},"content":{"rendered":"<div id=\"attachment_34397\" style=\"width: 310px\" class=\"wp-caption alignleft\"><a href=\"http:\/\/senoticias.com.br\/se\/wp-content\/uploads\/2012\/06\/Wanderl%C3%AA-I.jpg\"><img loading=\"lazy\" decoding=\"async\" aria-describedby=\"caption-attachment-34397\" class=\"size-medium wp-image-34397\" title=\"Wanderl\u00ea I\" src=\"http:\/\/senoticias.com.br\/se\/wp-content\/uploads\/2012\/06\/Wanderl%C3%AA-I-300x206.jpg\" alt=\"\" width=\"300\" height=\"206\" \/><\/a><p id=\"caption-attachment-34397\" class=\"wp-caption-text\">O ex-deputado Wanderl\u00ea Correia, Presidente e pr\u00e9-candidato do Partido em S\u00e3o Crist\u00f3v\u00e3o. (Foto: Janaina Santos)<\/p><\/div>\n<p style=\"text-align: justify;\">A Funda\u00e7\u00e3o Ulisses Guimar\u00e3es e o Diret\u00f3rio Municipal do PMDB em S\u00e3o Crist\u00f3v\u00e3o realizam no pr\u00f3ximo final de semana, 15 e 16\/06, o primeiro <strong>F\u00d3RUM CONSTRUIR S\u00c3O CRIST\u00d3V\u00c3O<\/strong>. O evento pretende recolher subs\u00eddios para a constru\u00e7\u00e3o do Plano de Governo para a pr\u00e9-candidatura majorit\u00e1ria do PMDB no munic\u00edpio. O ex-deputado Wanderl\u00ea Correia, Presidente e pr\u00e9-candidato do Partido em S\u00e3o Crist\u00f3v\u00e3o, disse que o objetivo \u00e9 possibilitar que os cidad\u00e3os da quarta cidade mais antiga do Brasil participem e contribuam com a constru\u00e7\u00e3o de um plano de governo que esteja o mais pr\u00f3ximo poss\u00edvel das necessidades e dos anseios da popula\u00e7\u00e3o.<\/p>\n<p style=\"text-align: justify;\"><strong>Constru\u00e7\u00e3o de plano de governo<\/strong><br \/>\nO evento ser\u00e1 realizado no audit\u00f3rio do Centro de Forma\u00e7\u00e3o da <strong>FETASE, situado a rua Alex Silva, 116 no bairro Rosa Maria em S\u00e3o Crist\u00f3v\u00e3o.<\/strong> S\u00e3o esperados na abertura do evento diversos dirigentes partid\u00e1rios e autoridades pol\u00edticas do Estado, dentre eles, o Vice-Governandor Jackson Barreto, o Deputado Estadual Jo\u00e3o Daniel, o ex-deputado federal e atual Secret\u00e1rio da Casa civil Jorge Alberto, al\u00e9m de dirigentes de diversas agremia\u00e7\u00f5es partid\u00e1rias no munic\u00edpio. Segundo Wanderl\u00ea, este \u00e9 o primeiro de tr\u00eas eventos que o PMDB pretende fazer com vistas a constru\u00e7\u00e3o do plano de governo.<\/p>\n<p style=\"text-align: justify;\"><strong>Programa\u00e7\u00e3o<\/strong><br \/>\nO evento tem a seguinte programa\u00e7\u00e3o. Na sexta-feira, 15: Abertura, \u00e0s 19hs; Palestra: Uma pol\u00edtica de Educa\u00e7\u00e3o no munic\u00edpio, \u00e0s 20hs, com o professor Jorge Carvalho Nascimento. No s\u00e1bado, 16, o evento retorna \u00e0s 14hs, com a palestra: O Plano Diretor de Mobilidade Urbana e suas repercuss\u00f5es nos munic\u00edpios do Grande Aracaju, com Ant\u00f4nio Samarone. Depois, \u00e0s 15h15, o presidente do SergipeTec, Marcos Vandir, falar\u00e1 sobre \u201cO Sergipe ParqueTec e o Grande Rosa Elze\u201d. E \u00e0s 16h30 o deputado federal Rog\u00e9rio Carvalho falar\u00e1 sobre \u201cA Sa\u00fade P\u00fablica e os desafios para o Administrador Municipal\u201d.<\/p>\n","protected":false},"excerpt":{"rendered":"<p>A Funda\u00e7\u00e3o Ulisses Guimar\u00e3es e o Diret\u00f3rio Municipal do PMDB em S\u00e3o Crist\u00f3v\u00e3o realizam no pr\u00f3ximo final de semana, 15 e 16\/06, o primeiro F\u00d3RUM CONSTRUIR S\u00c3O CRIST\u00d3V\u00c3O. O evento pretende recolher subs\u00eddios para a constru\u00e7\u00e3o do Plano de Governo para a pr\u00e9-candidatura majorit\u00e1ria do PMDB no munic\u00edpio. O ex-deputado Wanderl\u00ea Correia, Presidente e pr\u00e9-candidato [&hellip;]<\/p>\n","protected":false},"author":3,"featured_media":34397,"comment_status":"closed","ping_status":"closed","sticky":false,"template":"","format":"standard","meta":{"footnotes":""},"categories":[38,3],"tags":[],"class_list":{"0":"post-34396","1":"post","2":"type-post","3":"status-publish","4":"format-standard","5":"has-post-thumbnail","7":"category-municipios","8":"category-saocristovao"},"_links":{"self":[{"href":"https:\/\/senoticias.com.br\/se\/wp-json\/wp\/v2\/posts\/34396"}],"collection":[{"href":"https:\/\/senoticias.com.br\/se\/wp-json\/wp\/v2\/posts"}],"about":[{"href":"https:\/\/senoticias.com.br\/se\/wp-json\/wp\/v2\/types\/post"}],"author":[{"embeddable":true,"href":"https:\/\/senoticias.com.br\/se\/wp-json\/wp\/v2\/users\/3"}],"replies":[{"embeddable":true,"href":"https:\/\/senoticias.com.br\/se\/wp-json\/wp\/v2\/comments?post=34396"}],"version-history":[{"count":0,"href":"https:\/\/senoticias.com.br\/se\/wp-json\/wp\/v2\/posts\/34396\/revisions"}],"wp:featuredmedia":[{"embeddable":true,"href":"https:\/\/senoticias.com.br\/se\/wp-json\/wp\/v2\/media\/34397"}],"wp:attachment":[{"href":"https:\/\/senoticias.com.br\/se\/wp-json\/wp\/v2\/media?parent=34396"}],"wp:term":[{"taxonomy":"category","embeddable":true,"href":"https:\/\/senoticias.com.br\/se\/wp-json\/wp\/v2\/categories?post=34396"},{"taxonomy":"post_tag","embeddable":true,"href":"https:\/\/senoticias.com.br\/se\/wp-json\/wp\/v2\/tags?post=34396"}],"curies":[{"name":"wp","href":"https:\/\/api.w.org\/{rel}","templated":true}]}}