{"id":34379,"date":"2012-06-13T00:13:03","date_gmt":"2012-06-13T03:13:03","guid":{"rendered":"http:\/\/senoticias.com.br\/se\/?p=34379"},"modified":"2012-06-13T08:31:27","modified_gmt":"2012-06-13T11:31:27","slug":"tv-atalaia-divulga-pesquisa-de-intencao-de-votos-para-prefeito-de-aracaju","status":"publish","type":"post","link":"https:\/\/senoticias.com.br\/se\/tv-atalaia-divulga-pesquisa-de-intencao-de-votos-para-prefeito-de-aracaju\/","title":{"rendered":"TV Atalaia divulga pesquisa de inten\u00e7\u00e3o de votos para prefeito de Aracaju"},"content":{"rendered":"<p style=\"text-align: justify;\"><a href=\"http:\/\/senoticias.com.br\/se\/wp-content\/uploads\/2012\/05\/Elei%C3%A7%C3%B5es-2012-Ilust.-21.jpg\"><img loading=\"lazy\" decoding=\"async\" class=\"alignleft size-medium wp-image-32984\" title=\"Elei\u00e7\u00f5es 2012 - Ilust. 2\" src=\"http:\/\/senoticias.com.br\/se\/wp-content\/uploads\/2012\/05\/Elei%C3%A7%C3%B5es-2012-Ilust.-21-300x184.jpg\" alt=\"\" width=\"300\" height=\"184\" \/><\/a>A TV Atalaia divulgou ontem ter\u00e7a (12), a primeira de uma s\u00e9rie de pesquisas de prefer\u00eancia eleitoral para o cargo de prefeito de Aracaju nas elei\u00e7\u00f5es deste ano. Foram ouvidos mil eleitores entre os dias 02 e 04 de junho, em 38 bairros e na zona de Expans\u00e3o da capital sergipana. A margem de erro \u00e9 de 5% para mais ou para menos. A pesquisa foi realizada pela empresa \u00danica Solu\u00e7\u00f5es Estrat\u00e9gicas encomendada pela TV Atalaia e foi registrada no Tribunal Regional Eleitoral (TRE-SE), sob protocolo de n\u00famero SE-00006\/2012.<\/p>\n<p style=\"text-align: justify;\">Na espont\u00e2nea, os eleitores responderam a seguinte pergunta: e em quem voc\u00ea vota para prefeito de Aracaju se as elei\u00e7\u00f5es fossem hoje? O resultado foi: o ex-governador Jo\u00e3o Alves Filho (DEM) obteve 32,7% das cita\u00e7\u00f5es; o deputado federal Rog\u00e9rio Carvalho (PT) apareceu com 3,5%; o deputado federal Valadares Filho (PSB) alcan\u00e7ou 2,2%; enquanto o deputado federal Almeida Lima (PPS) atingiu 2,1%. Dos que n\u00e3o souberam ou n\u00e3o opinaram foram 52,8%.<\/p>\n<p style=\"text-align: justify;\">Na estimulada, os eleitores responderam a outra pergunta: de todos estes candidatos, em qual voc\u00ea vota para prefeito de Aracaju? Entre os nomes apresentados: Jo\u00e3o Alves Filho (DEM) lidera com 53,4% das inten\u00e7\u00f5es de voto; em seguida aparece Rog\u00e9rio Carvalho com 9,1%; Valadares Filho ficou com 8,5% e Almeida Lima com 8,3%. N\u00e3o souberam ou n\u00e3o opinaram o \u00edndice foi de 18%.<\/p>\n<p style=\"text-align: justify;\">Quando o assunto \u00e9 rejei\u00e7\u00e3o foi feita a pergunta aos eleitores: e em quem voc\u00ea N\u00c3O vota para prefeito de Aracaju se as elei\u00e7\u00f5es fossem hoje? o maior \u00edndice foi do ex-governador Jo\u00e3o Alves Filho com 12,9%; Rog\u00e9rio Carvalho atingiu 6,3%; seguido de Almeida Lima 5,6% e Valadares Filho com 1,7%. Enquanto 51,6% n\u00e3o souberam ou n\u00e3o opinaram.<\/p>\n<p style=\"text-align: justify;\"><span style=\"color: #666699;\"><em><strong>Portal Atalaia Agora<\/strong><\/em><\/span><\/p>\n","protected":false},"excerpt":{"rendered":"<p>A TV Atalaia divulgou ontem ter\u00e7a (12), a primeira de uma s\u00e9rie de pesquisas de prefer\u00eancia eleitoral para o cargo de prefeito de Aracaju nas elei\u00e7\u00f5es deste ano. Foram ouvidos mil eleitores entre os dias 02 e 04 de junho, em 38 bairros e na zona de Expans\u00e3o da capital sergipana. A margem de erro [&hellip;]<\/p>\n","protected":false},"author":3,"featured_media":32984,"comment_status":"closed","ping_status":"closed","sticky":false,"template":"","format":"standard","meta":{"footnotes":""},"categories":[15,6],"tags":[],"class_list":{"0":"post-34379","1":"post","2":"type-post","3":"status-publish","4":"format-standard","5":"has-post-thumbnail","7":"category-destaques","8":"category-politica"},"_links":{"self":[{"href":"https:\/\/senoticias.com.br\/se\/wp-json\/wp\/v2\/posts\/34379"}],"collection":[{"href":"https:\/\/senoticias.com.br\/se\/wp-json\/wp\/v2\/posts"}],"about":[{"href":"https:\/\/senoticias.com.br\/se\/wp-json\/wp\/v2\/types\/post"}],"author":[{"embeddable":true,"href":"https:\/\/senoticias.com.br\/se\/wp-json\/wp\/v2\/users\/3"}],"replies":[{"embeddable":true,"href":"https:\/\/senoticias.com.br\/se\/wp-json\/wp\/v2\/comments?post=34379"}],"version-history":[{"count":0,"href":"https:\/\/senoticias.com.br\/se\/wp-json\/wp\/v2\/posts\/34379\/revisions"}],"wp:featuredmedia":[{"embeddable":true,"href":"https:\/\/senoticias.com.br\/se\/wp-json\/wp\/v2\/media\/32984"}],"wp:attachment":[{"href":"https:\/\/senoticias.com.br\/se\/wp-json\/wp\/v2\/media?parent=34379"}],"wp:term":[{"taxonomy":"category","embeddable":true,"href":"https:\/\/senoticias.com.br\/se\/wp-json\/wp\/v2\/categories?post=34379"},{"taxonomy":"post_tag","embeddable":true,"href":"https:\/\/senoticias.com.br\/se\/wp-json\/wp\/v2\/tags?post=34379"}],"curies":[{"name":"wp","href":"https:\/\/api.w.org\/{rel}","templated":true}]}}