{"id":34355,"date":"2012-06-12T23:56:25","date_gmt":"2012-06-13T02:56:25","guid":{"rendered":"http:\/\/senoticias.com.br\/se\/?p=34355"},"modified":"2012-06-12T23:59:47","modified_gmt":"2012-06-13T02:59:47","slug":"conselho-de-etica-marca-apresentacao-e-votacao-do-relatorio-final-para-o-dia-18","status":"publish","type":"post","link":"https:\/\/senoticias.com.br\/se\/conselho-de-etica-marca-apresentacao-e-votacao-do-relatorio-final-para-o-dia-18\/","title":{"rendered":"Conselho de \u00c9tica marca apresenta\u00e7\u00e3o e vota\u00e7\u00e3o do relat\u00f3rio final para o dia 18"},"content":{"rendered":"<p>&nbsp;<\/p>\n<p style=\"text-align: justify;\"><span style=\"color: #808080;\"><strong>Em reuni\u00e3o desta ter\u00e7a-feira, dia 12, foi encerrada a fase de instru\u00e7\u00e3o probat\u00f3ria. Defesa tem tr\u00eas dias para as alega\u00e7\u00f5es finais<\/strong><\/span><\/p>\n<div id=\"attachment_34356\" style=\"width: 310px\" class=\"wp-caption alignleft\"><a href=\"http:\/\/senoticias.com.br\/se\/wp-content\/uploads\/2012\/06\/DSC_1460A.jpg\"><img loading=\"lazy\" decoding=\"async\" aria-describedby=\"caption-attachment-34356\" class=\"size-medium wp-image-34356\" title=\"Valadares \" src=\"http:\/\/senoticias.com.br\/se\/wp-content\/uploads\/2012\/06\/DSC_1460A-300x199.jpg\" alt=\"\" width=\"300\" height=\"199\" srcset=\"https:\/\/senoticias.com.br\/se\/wp-content\/uploads\/2012\/06\/DSC_1460A-300x199.jpg 300w, https:\/\/senoticias.com.br\/se\/wp-content\/uploads\/2012\/06\/DSC_1460A-342x227.jpg 342w, https:\/\/senoticias.com.br\/se\/wp-content\/uploads\/2012\/06\/DSC_1460A.jpg 638w\" sizes=\"(max-width: 300px) 100vw, 300px\" \/><\/a><p id=\"caption-attachment-34356\" class=\"wp-caption-text\">Conselho de \u00c9tica marca apresenta\u00e7\u00e3o e vota\u00e7\u00e3o do relat\u00f3rio final para o dia 18.(Foto: Reinaldo Ferrigno)<\/p><\/div>\n<p style=\"text-align: justify;\">O Conselho de \u00c9tica e Decoro Parlamentar se reuniu hoje, dia 12, para tra\u00e7ar um cronograma das pr\u00f3ximas a\u00e7\u00f5es. Apesar de n\u00e3o comparecer, o senador Humberto Costa (PT-PE) enviou documento encerrando a fase de instru\u00e7\u00e3o probat\u00f3ria. A partir de agora a defesa tem tr\u00eas dias \u00fateis para a alega\u00e7\u00e3o.<\/p>\n<p style=\"text-align: justify;\">Os advogados de defesa de Dem\u00f3stenes, Antonio Carlos de Almeida Castro, o Kakay, e Marcelo Turbay, apresentaram novo pedido para per\u00edcia dos \u00e1udios. \u201cSolicitamos a c\u00f3pia somente dos \u00e1udios que foram<br \/>\nobjetivos de questionamento\u201d, explico Turbay, refor\u00e7ando que segundo perito contratado pela defesa h\u00e1 graves suspeitas de<br \/>\ninidoneidade dos \u00e1udios. Apesar de receber o apoio de alguns senadores, o Conselho negou o requerimento da defesa.<\/p>\n<p style=\"text-align: justify;\">\u201cNa \u00faltima reuni\u00e3o, o pedido de per\u00edcia foi rejeitado, pois o relator se declarou satisfeito com todas as informa\u00e7\u00f5es obtidas. Al\u00e9m disso, aprovar um requerimento repetido vai contra o regimento\u201d, lembrou o presidente do Conselho, senador Antonio Carlos Valadares (PSB-SE).<\/p>\n<p style=\"text-align: justify;\">O senador relembrou que n\u00e3o se trata de um julgamento de um crime e sim se houve ou n\u00e3o quebra de decoro parlamentar.<\/p>\n<p style=\"text-align: justify;\">Ap\u00f3s informar sobre despacho do senador Humberto Costa encaminhado \u00e0 presid\u00eancia do Conselho finalizando a fase de instru\u00e7\u00e3o, o senador Valadares informou que foi marcada para a pr\u00f3xima segunda-feira, dia 18, \u00e0s 14h30, a apresenta\u00e7\u00e3o e a vota\u00e7\u00e3o do parecer final do relator.<\/p>\n<p style=\"text-align: justify;\">\u201cA defesa j\u00e1 est\u00e1 intimada para as alega\u00e7\u00f5es finais, que se encerram na pr\u00f3xima sexta-feira (15). Na segunda-feira (18) haver\u00e1 a<br \/>\napresenta\u00e7\u00e3o e leitura do parecer do relator, os debates e depois a vota\u00e7\u00e3o\u201d, lembrou Valadares. Ap\u00f3s aprovado, o relat\u00f3rio final segue para a Comiss\u00e3o de Constitui\u00e7\u00e3o, Cidadania e Justi\u00e7a (CCJ) e depois para vota\u00e7\u00e3o em Plen\u00e1rio.<\/p>\n<p style=\"text-align: justify;\">\u00a0<span style=\"color: #666699;\"><em><strong>Jornalista Ana Paula Dourado, de Bras\u00edlia<\/strong><\/em><\/span><\/p>\n","protected":false},"excerpt":{"rendered":"<p>&nbsp; Em reuni\u00e3o desta ter\u00e7a-feira, dia 12, foi encerrada a fase de instru\u00e7\u00e3o probat\u00f3ria. Defesa tem tr\u00eas dias para as alega\u00e7\u00f5es finais O Conselho de \u00c9tica e Decoro Parlamentar se reuniu hoje, dia 12, para tra\u00e7ar um cronograma das pr\u00f3ximas a\u00e7\u00f5es. Apesar de n\u00e3o comparecer, o senador Humberto Costa (PT-PE) enviou documento encerrando a fase [&hellip;]<\/p>\n","protected":false},"author":3,"featured_media":34356,"comment_status":"closed","ping_status":"closed","sticky":false,"template":"","format":"standard","meta":{"footnotes":""},"categories":[6],"tags":[],"class_list":{"0":"post-34355","1":"post","2":"type-post","3":"status-publish","4":"format-standard","5":"has-post-thumbnail","7":"category-politica"},"_links":{"self":[{"href":"https:\/\/senoticias.com.br\/se\/wp-json\/wp\/v2\/posts\/34355"}],"collection":[{"href":"https:\/\/senoticias.com.br\/se\/wp-json\/wp\/v2\/posts"}],"about":[{"href":"https:\/\/senoticias.com.br\/se\/wp-json\/wp\/v2\/types\/post"}],"author":[{"embeddable":true,"href":"https:\/\/senoticias.com.br\/se\/wp-json\/wp\/v2\/users\/3"}],"replies":[{"embeddable":true,"href":"https:\/\/senoticias.com.br\/se\/wp-json\/wp\/v2\/comments?post=34355"}],"version-history":[{"count":0,"href":"https:\/\/senoticias.com.br\/se\/wp-json\/wp\/v2\/posts\/34355\/revisions"}],"wp:featuredmedia":[{"embeddable":true,"href":"https:\/\/senoticias.com.br\/se\/wp-json\/wp\/v2\/media\/34356"}],"wp:attachment":[{"href":"https:\/\/senoticias.com.br\/se\/wp-json\/wp\/v2\/media?parent=34355"}],"wp:term":[{"taxonomy":"category","embeddable":true,"href":"https:\/\/senoticias.com.br\/se\/wp-json\/wp\/v2\/categories?post=34355"},{"taxonomy":"post_tag","embeddable":true,"href":"https:\/\/senoticias.com.br\/se\/wp-json\/wp\/v2\/tags?post=34355"}],"curies":[{"name":"wp","href":"https:\/\/api.w.org\/{rel}","templated":true}]}}