{"id":34351,"date":"2012-06-12T18:28:26","date_gmt":"2012-06-12T21:28:26","guid":{"rendered":"http:\/\/senoticias.com.br\/se\/?p=34351"},"modified":"2012-06-12T18:29:25","modified_gmt":"2012-06-12T21:29:25","slug":"ministerio-publico-proibe-pagamento-aos-policiais-de-gratificacao-em-eventos-publicos","status":"publish","type":"post","link":"https:\/\/senoticias.com.br\/se\/ministerio-publico-proibe-pagamento-aos-policiais-de-gratificacao-em-eventos-publicos\/","title":{"rendered":"MPE pro\u00edbe pagamento aos policiais de gratifica\u00e7\u00e3o em eventos p\u00fablicos"},"content":{"rendered":"<p>&nbsp;<\/p>\n<p style=\"text-align: justify;\"><a href=\"http:\/\/senoticias.com.br\/se\/wp-content\/uploads\/2012\/06\/img4fd7b31172f3e.jpg\"><img loading=\"lazy\" decoding=\"async\" class=\"alignleft size-medium wp-image-34352\" title=\"img4fd7b31172f3e\" src=\"http:\/\/senoticias.com.br\/se\/wp-content\/uploads\/2012\/06\/img4fd7b31172f3e-300x227.jpg\" alt=\"\" width=\"300\" height=\"227\" srcset=\"https:\/\/senoticias.com.br\/se\/wp-content\/uploads\/2012\/06\/img4fd7b31172f3e-300x227.jpg 300w, https:\/\/senoticias.com.br\/se\/wp-content\/uploads\/2012\/06\/img4fd7b31172f3e-342x258.jpg 342w, https:\/\/senoticias.com.br\/se\/wp-content\/uploads\/2012\/06\/img4fd7b31172f3e-60x45.jpg 60w, https:\/\/senoticias.com.br\/se\/wp-content\/uploads\/2012\/06\/img4fd7b31172f3e-150x113.jpg 150w, https:\/\/senoticias.com.br\/se\/wp-content\/uploads\/2012\/06\/img4fd7b31172f3e.jpg 444w\" sizes=\"(max-width: 300px) 100vw, 300px\" \/><\/a>O Minist\u00e9rio P\u00fablico de Sergipe, atrav\u00e9s da Coordenadoria-Geral do MP e do Centro de Apoio Operacional de Seguran\u00e7a P\u00fablica, publicou a recomenda\u00e7\u00e3o n\u00ba 003\/2012, emanada da Procuradoria-Geral da Justi\u00e7a, por via da qual revoga o pagamento de gratifica\u00e7\u00f5es aos agentes policiais do Estado, sejam eles civis ou militares, em raz\u00e3o da atua\u00e7\u00e3o em eventos p\u00fablicos.<\/p>\n<p style=\"text-align: justify;\">Por meio do referido documento, a Coordenadoria-Geral recomenda aos membros do Minist\u00e9rio P\u00fablico atuantes nas Promotorias de Defesa do Cidad\u00e3o e do Controle Externo da Atividade Policial que adote as medidas jur\u00eddicas para revogar todo e qualquer Ajustamento de Conduta que institua ou autorize aos entes municipais ou particulares a pagarem, a qualquer t\u00edtulo, gratifica\u00e7\u00f5es aos agentes policiais civis ou militares do Estado, em raz\u00e3o da atua\u00e7\u00e3o extraordin\u00e1ria na seguran\u00e7a de eventos p\u00fablicos ou de acesso p\u00fablico.<\/p>\n<p style=\"text-align: justify;\">Segundo a recomenda\u00e7\u00e3o, o MP dever\u00e1 agir no sentido de coibir tal pr\u00e1tica, seja na esfera c\u00edvel ou criminal, inclusive mediante requisi\u00e7\u00e3o ou instaura\u00e7\u00e3o de inqu\u00e9ritos e aforamento de demandas judiciais. O PM revoga, portanto, a Cl\u00e1usula 19\u00aa do Termo de Ajustamento de Conduta celebrado em 04 de abril de 2007, segundo a qual os organizadores de eventos contribu\u00edam com a gratifica\u00e7\u00e3o dos policiais militares e civis designados pela Secretaria de Estado da Seguran\u00e7a P\u00fablica para o policiamento do evento.<\/p>\n<p style=\"text-align: justify;\">A Recomenda\u00e7\u00e3o 003\/2012 do MP encontra-se publicada na \u00edntegra, no Boletim Geral Ostensivo da PM de n\u00famero 105, datado de 12 de junho de 2012.<\/p>\n<p style=\"text-align: justify;\">Ascom\/PM<\/p>\n","protected":false},"excerpt":{"rendered":"<p>&nbsp; O Minist\u00e9rio P\u00fablico de Sergipe, atrav\u00e9s da Coordenadoria-Geral do MP e do Centro de Apoio Operacional de Seguran\u00e7a P\u00fablica, publicou a recomenda\u00e7\u00e3o n\u00ba 003\/2012, emanada da Procuradoria-Geral da Justi\u00e7a, por via da qual revoga o pagamento de gratifica\u00e7\u00f5es aos agentes policiais do Estado, sejam eles civis ou militares, em raz\u00e3o da atua\u00e7\u00e3o em eventos [&hellip;]<\/p>\n","protected":false},"author":3,"featured_media":34352,"comment_status":"closed","ping_status":"closed","sticky":false,"template":"","format":"standard","meta":{"footnotes":""},"categories":[15],"tags":[],"class_list":{"0":"post-34351","1":"post","2":"type-post","3":"status-publish","4":"format-standard","5":"has-post-thumbnail","7":"category-destaques"},"_links":{"self":[{"href":"https:\/\/senoticias.com.br\/se\/wp-json\/wp\/v2\/posts\/34351"}],"collection":[{"href":"https:\/\/senoticias.com.br\/se\/wp-json\/wp\/v2\/posts"}],"about":[{"href":"https:\/\/senoticias.com.br\/se\/wp-json\/wp\/v2\/types\/post"}],"author":[{"embeddable":true,"href":"https:\/\/senoticias.com.br\/se\/wp-json\/wp\/v2\/users\/3"}],"replies":[{"embeddable":true,"href":"https:\/\/senoticias.com.br\/se\/wp-json\/wp\/v2\/comments?post=34351"}],"version-history":[{"count":0,"href":"https:\/\/senoticias.com.br\/se\/wp-json\/wp\/v2\/posts\/34351\/revisions"}],"wp:featuredmedia":[{"embeddable":true,"href":"https:\/\/senoticias.com.br\/se\/wp-json\/wp\/v2\/media\/34352"}],"wp:attachment":[{"href":"https:\/\/senoticias.com.br\/se\/wp-json\/wp\/v2\/media?parent=34351"}],"wp:term":[{"taxonomy":"category","embeddable":true,"href":"https:\/\/senoticias.com.br\/se\/wp-json\/wp\/v2\/categories?post=34351"},{"taxonomy":"post_tag","embeddable":true,"href":"https:\/\/senoticias.com.br\/se\/wp-json\/wp\/v2\/tags?post=34351"}],"curies":[{"name":"wp","href":"https:\/\/api.w.org\/{rel}","templated":true}]}}