{"id":34347,"date":"2012-06-12T18:13:14","date_gmt":"2012-06-12T21:13:14","guid":{"rendered":"http:\/\/senoticias.com.br\/se\/?p=34347"},"modified":"2012-06-12T18:16:20","modified_gmt":"2012-06-12T21:16:20","slug":"policia-civil-prende-homem-acusado-de-homicidio-com-r-4-mil-em-cedulas-falsas","status":"publish","type":"post","link":"https:\/\/senoticias.com.br\/se\/policia-civil-prende-homem-acusado-de-homicidio-com-r-4-mil-em-cedulas-falsas\/","title":{"rendered":"Pol\u00edcia Civil prende homem acusado de homic\u00eddio com R$ 4 mil em c\u00e9dulas falsas"},"content":{"rendered":"<p>&nbsp;<\/p>\n<p style=\"text-align: justify;\"><a href=\"http:\/\/senoticias.com.br\/se\/wp-content\/uploads\/2012\/04\/Pol%C3%ADcia-Civil-Sergipe.jpg\"><img loading=\"lazy\" decoding=\"async\" class=\"alignleft size-full wp-image-29790\" title=\"Pol\u00edcia Civil Sergipe\" src=\"http:\/\/senoticias.com.br\/se\/wp-content\/uploads\/2012\/04\/Pol%C3%ADcia-Civil-Sergipe.jpg\" alt=\"\" width=\"164\" height=\"215\" \/><\/a>A Pol\u00edcia Civil de Sergipe cumpriu um mandado de pris\u00e3o no \u00faltimo domingo, 10, na cidade de Rio Real (BA) um homem identificado como Roberto da Silva Santos, 33 anos, mais conhecido como &#8216;R\u00f3&#8217;, natural de Tomar do Ger\u00fa (SE). R\u00f3 \u00e9 acusado de homic\u00eddio em Sergipe e foi preso na Bahia com aproximadamente R$ 4 mil em c\u00e9dulas de R$ 50 falsificadas.<\/p>\n<p style=\"text-align: justify;\">Segundo o delegado de Cristin\u00e1polis e Tomar do Ger\u00fa, Francisco Gerl\u00e2ndio, contra Roberto constava em aberto um mandado de pris\u00e3o preventiva, expedido pela Justi\u00e7a de Sergipe, pelo crime de homic\u00eddio. Ele \u00e9 suspeito de matar Jos\u00e9 Maciel da Silva, o &#8216;Juquinha&#8217;, no dia 26 de setembro de 2011 na cidade de Tomar do Geru. \u201cO crime repercutiu bastante no munic\u00edpio, pois a v\u00edtima tinha muitos amigos e em decorr\u00eancia de sua morte algumas tentativas de homic\u00eddio foram praticadas na cidade, sempre que os grupos rivais se encontravam\u201d, disse o delegado.<\/p>\n<p style=\"text-align: justify;\">Outro fator que gerou revolta na cidade foi que o crime foi praticado na porta da resid\u00eancia da v\u00edtima e na presen\u00e7a dos filhos e da esposa. \u201cLogo que soubemos da pris\u00e3o de Roberto na Bahia, cuidamos de cumprir o mandado de pris\u00e3o expedido em Sergipe, sendo que, ap\u00f3s autoriza\u00e7\u00e3o da Justi\u00e7a baiana, o referido preso foi trazido para a Delegacia de Cristin\u00e1polis, onde foi interrogado sobre o crime, confessando que realmente matou a v\u00edtima e que assim agiu por que vinha recebendo amea\u00e7as, al\u00e9m de ter sido alvejado a tiros ainda no mesmo epis\u00f3dio. Logo ap\u00f3s o interrogat\u00f3rio, o indiciado foi recambiado para a 4\u00aa DM, onde aguarda vaga no sistema prisional\u201d, explicou o delegado.<\/p>\n<p style=\"text-align: justify;\"><em><strong>Ag\u00eancia Sergipe de Not\u00edcias<\/strong><\/em><\/p>\n","protected":false},"excerpt":{"rendered":"<p>&nbsp; A Pol\u00edcia Civil de Sergipe cumpriu um mandado de pris\u00e3o no \u00faltimo domingo, 10, na cidade de Rio Real (BA) um homem identificado como Roberto da Silva Santos, 33 anos, mais conhecido como &#8216;R\u00f3&#8217;, natural de Tomar do Ger\u00fa (SE). R\u00f3 \u00e9 acusado de homic\u00eddio em Sergipe e foi preso na Bahia com aproximadamente [&hellip;]<\/p>\n","protected":false},"author":3,"featured_media":29790,"comment_status":"closed","ping_status":"closed","sticky":false,"template":"","format":"standard","meta":{"footnotes":""},"categories":[7],"tags":[],"class_list":{"0":"post-34347","1":"post","2":"type-post","3":"status-publish","4":"format-standard","5":"has-post-thumbnail","7":"category-policia"},"_links":{"self":[{"href":"https:\/\/senoticias.com.br\/se\/wp-json\/wp\/v2\/posts\/34347"}],"collection":[{"href":"https:\/\/senoticias.com.br\/se\/wp-json\/wp\/v2\/posts"}],"about":[{"href":"https:\/\/senoticias.com.br\/se\/wp-json\/wp\/v2\/types\/post"}],"author":[{"embeddable":true,"href":"https:\/\/senoticias.com.br\/se\/wp-json\/wp\/v2\/users\/3"}],"replies":[{"embeddable":true,"href":"https:\/\/senoticias.com.br\/se\/wp-json\/wp\/v2\/comments?post=34347"}],"version-history":[{"count":0,"href":"https:\/\/senoticias.com.br\/se\/wp-json\/wp\/v2\/posts\/34347\/revisions"}],"wp:featuredmedia":[{"embeddable":true,"href":"https:\/\/senoticias.com.br\/se\/wp-json\/wp\/v2\/media\/29790"}],"wp:attachment":[{"href":"https:\/\/senoticias.com.br\/se\/wp-json\/wp\/v2\/media?parent=34347"}],"wp:term":[{"taxonomy":"category","embeddable":true,"href":"https:\/\/senoticias.com.br\/se\/wp-json\/wp\/v2\/categories?post=34347"},{"taxonomy":"post_tag","embeddable":true,"href":"https:\/\/senoticias.com.br\/se\/wp-json\/wp\/v2\/tags?post=34347"}],"curies":[{"name":"wp","href":"https:\/\/api.w.org\/{rel}","templated":true}]}}