{"id":34339,"date":"2012-06-12T15:46:44","date_gmt":"2012-06-12T18:46:44","guid":{"rendered":"http:\/\/senoticias.com.br\/se\/?p=34339"},"modified":"2012-06-13T14:26:51","modified_gmt":"2012-06-13T17:26:51","slug":"ocorrencia-de-chuvas-deve-continuar-ate-domingo-em-sergipe-diz-meteorologia","status":"publish","type":"post","link":"https:\/\/senoticias.com.br\/se\/ocorrencia-de-chuvas-deve-continuar-ate-domingo-em-sergipe-diz-meteorologia\/","title":{"rendered":"Ocorr\u00eancia de chuvas deve continuar at\u00e9 domingo em Sergipe, diz meteorologia"},"content":{"rendered":"<div class=\"mceTemp\" style=\"text-align: justify;\">\n<dl id=\"attachment_17051\" class=\"wp-caption alignleft\" style=\"width: 284px;\">\n<dt class=\"wp-caption-dt\"><a href=\"http:\/\/senoticias.com.br\/se\/wp-content\/uploads\/2011\/11\/Chuvas.jpg\"><img loading=\"lazy\" decoding=\"async\" class=\"size-full wp-image-17051\" title=\"Chuvas\" src=\"http:\/\/senoticias.com.br\/se\/wp-content\/uploads\/2011\/11\/Chuvas.jpg\" alt=\"\" width=\"274\" height=\"184\" \/><\/a><\/dt>\n<dd class=\"wp-caption-dd\">Meteorologia prev\u00ea chuva forte para os pr\u00f3ximos dias\/Reprodu\u00e7\u00e3o<\/dd>\n<\/dl>\n<\/div>\n<p style=\"text-align: justify;\">As chuvas que se intensificaram no \u00faltimo fim de semana devem ocorrer at\u00e9 o domingo (17), em todo o estado, a previs\u00e3o \u00e9 do Centro de Meteorologia da Secretaria de Estado do Meio Ambiente e dos Recursos H\u00eddricos (Cemese\/Semarh).<\/p>\n<p style=\"text-align: justify;\">De acordo com o meteorologista da Semarh, Overland Amaral, o volume da precipita\u00e7\u00e3o \u00e9 muito pouco e n\u00e3o suprir\u00e1 a necessidade de quantitativo de chuvas almejado. \u201cA chuva sobre o estado est\u00e1 sendo ocasionada pela ocorr\u00eancia de linhas de instabilidade proporcionada pelo escoamento de frente fria oriunda do extremo sul do continente americano, e ainda do escoamento que vem da Amaz\u00f4nia\u201d, explica o meteorologista.<\/p>\n<p style=\"text-align: justify;\">Nesta ter\u00e7a-feira (12), a previs\u00e3o \u00e9 de chuva para os munic\u00edpios localizados no litoral e no Centro Sul do estado. A perspectiva para essa regi\u00e3o \u00e9 que chova de 20 a 30 mil\u00edmetros. Tamb\u00e9m dever\u00e1 chover entre as regi\u00f5es do Agreste e do Sert\u00e3o, o \u00edndice esperado \u00e9 pouco, mas deve variar entre 5 e 10 mil\u00edmetros.<\/p>\n<p style=\"text-align: justify;\">A quarta-feira (13), ter\u00e1 comportamento clim\u00e1tico semelhante ao da ter\u00e7a-feira. O mesmo sistema estar\u00e1 atuando desde o litoral at\u00e9 o interior do estado. A maior incid\u00eancia \u00e9 para a regi\u00e3o Sul e Centro Sul. Abrang\u00eancia de munic\u00edpios como Indiaroba, Est\u00e2ncia, entre outros.<\/p>\n<p style=\"text-align: justify;\">J\u00e1 na quinta-feira (14), as chuvas ir\u00e3o reduzir em todo o estado, mas de forma isolada. Baixo, o volume esperado \u00e9 de 02 a 05 mil\u00edmetros. A mesma situa\u00e7\u00e3o \u00e9 prevista para a sexta-feira (15).<\/p>\n<p style=\"text-align: justify;\">Nos dias 16 e 17 as chuvas se intensificam no litoral, decrescendo para o interior. O volume esperado tamb\u00e9m \u00e9 m\u00ednimo, a perspectiva \u00e9 que chova menos que 05 mil\u00edmetros.<\/p>\n<p><em><span style=\"color: #0000ff;\"><strong>G1 SE<\/strong><\/span><\/em><\/p>\n","protected":false},"excerpt":{"rendered":"<p>Meteorologia prev\u00ea chuva forte para os pr\u00f3ximos dias\/Reprodu\u00e7\u00e3o As chuvas que se intensificaram no \u00faltimo fim de semana devem ocorrer at\u00e9 o domingo (17), em todo o estado, a previs\u00e3o \u00e9 do Centro de Meteorologia da Secretaria de Estado do Meio Ambiente e dos Recursos H\u00eddricos (Cemese\/Semarh). De acordo com o meteorologista da Semarh, Overland [&hellip;]<\/p>\n","protected":false},"author":3,"featured_media":17051,"comment_status":"closed","ping_status":"closed","sticky":false,"template":"","format":"standard","meta":{"footnotes":""},"categories":[38],"tags":[],"class_list":{"0":"post-34339","1":"post","2":"type-post","3":"status-publish","4":"format-standard","5":"has-post-thumbnail","7":"category-municipios"},"_links":{"self":[{"href":"https:\/\/senoticias.com.br\/se\/wp-json\/wp\/v2\/posts\/34339"}],"collection":[{"href":"https:\/\/senoticias.com.br\/se\/wp-json\/wp\/v2\/posts"}],"about":[{"href":"https:\/\/senoticias.com.br\/se\/wp-json\/wp\/v2\/types\/post"}],"author":[{"embeddable":true,"href":"https:\/\/senoticias.com.br\/se\/wp-json\/wp\/v2\/users\/3"}],"replies":[{"embeddable":true,"href":"https:\/\/senoticias.com.br\/se\/wp-json\/wp\/v2\/comments?post=34339"}],"version-history":[{"count":0,"href":"https:\/\/senoticias.com.br\/se\/wp-json\/wp\/v2\/posts\/34339\/revisions"}],"wp:featuredmedia":[{"embeddable":true,"href":"https:\/\/senoticias.com.br\/se\/wp-json\/wp\/v2\/media\/17051"}],"wp:attachment":[{"href":"https:\/\/senoticias.com.br\/se\/wp-json\/wp\/v2\/media?parent=34339"}],"wp:term":[{"taxonomy":"category","embeddable":true,"href":"https:\/\/senoticias.com.br\/se\/wp-json\/wp\/v2\/categories?post=34339"},{"taxonomy":"post_tag","embeddable":true,"href":"https:\/\/senoticias.com.br\/se\/wp-json\/wp\/v2\/tags?post=34339"}],"curies":[{"name":"wp","href":"https:\/\/api.w.org\/{rel}","templated":true}]}}