{"id":33813,"date":"2012-06-04T14:17:27","date_gmt":"2012-06-04T17:17:27","guid":{"rendered":"http:\/\/senoticias.com.br\/se\/?p=33813"},"modified":"2012-06-05T15:09:26","modified_gmt":"2012-06-05T18:09:26","slug":"policia-federal-prende-casal-que-transportava-24kg-de-crack-em-aracaju","status":"publish","type":"post","link":"https:\/\/senoticias.com.br\/se\/policia-federal-prende-casal-que-transportava-24kg-de-crack-em-aracaju\/","title":{"rendered":"Pol\u00edcia Federal prende casal que transportava 24kg de crack, em Aracaju"},"content":{"rendered":"<div id=\"attachment_33820\" style=\"width: 235px\" class=\"wp-caption alignleft\"><a href=\"http:\/\/senoticias.com.br\/se\/wp-content\/uploads\/2012\/06\/Kra1.jpg\"><img aria-describedby=\"caption-attachment-33820\" class=\"size-medium wp-image-33820\" title=\"<SAMSUNG DIGITAL CAMERA>&#8221; src=&#8221;http:\/\/senoticias.com.br\/se\/wp-content\/uploads\/2012\/06\/Kra1-225&#215;300.jpg&#8221; alt=&#8221;&#8221; width=&#8221;225&#8243; height=&#8221;300&#8243; \/><\/a><p id=\"caption-attachment-33820\" class=\"wp-caption-text\">24 kg de crack em poder do casal. (Reprodu\u00e7\u00e3o\/PRF\/SE)<\/p><\/div>\n<p style=\"text-align: justify;\">Policiais federais apreenderam, na tarde da \u00faltima sexta-feira, 1\u00ba de junho, nesta Capital, 24 kg de crack em poder do casal Mario Bezerra Pereira, 54 anos, natural de Angicos\/RN e Marcela Maria Alves Ferreira, 29 anos, natural de Fortaleza\/CE.<\/p>\n<p style=\"text-align: justify;\">A dupla foi abordada em barreira policial montada na Rodovia BR 101, j\u00e1 no acesso \u00e0 cidade de Aracaju.<\/p>\n<p style=\"text-align: justify;\">O ve\u00edculo modelo Fiat\/Palio utilizado pelo casal foi encaminhado at\u00e9 a sede da Pol\u00edcia Federal para a realiza\u00e7\u00e3o de uma busca mais detalhada. No interior do autom\u00f3vel locado, os agentes localizaram aproximadamente 24kg de entorpecente dentro de uma bolsa, acondicionados em forma de tabletes.<\/p>\n<p style=\"text-align: justify;\">Foi lavrado auto de pris\u00e3o em flagrante, tendo sido os presos indiciados nos termos dos artigos 33, 35 e 40 V da Lei n\u00ba 11.343\/2006.<br \/>\nAs investiga\u00e7\u00f5es prosseguem visando identificar os fornecedores do entorpecente apreendido.<br \/>\nO casal detido foi encaminhado \u00e0 Delegacia Plantonista, encontrando-se \u00e0 disposi\u00e7\u00e3o da Justi\u00e7a Estadual.<\/p>\n<p style=\"text-align: justify;\"><strong>Comunica\u00e7\u00e3o Social \u2013 SR\/SE<\/strong><\/p>\n","protected":false},"excerpt":{"rendered":"<p>Policiais federais apreenderam, na tarde da \u00faltima sexta-feira, 1\u00ba de junho, nesta Capital, 24 kg de crack em poder do casal Mario Bezerra Pereira, 54 anos, natural de Angicos\/RN e Marcela Maria Alves Ferreira, 29 anos, natural de Fortaleza\/CE. A dupla foi abordada em barreira policial montada na Rodovia BR 101, j\u00e1 no acesso \u00e0 [&hellip;]<\/p>\n","protected":false},"author":3,"featured_media":33820,"comment_status":"closed","ping_status":"closed","sticky":false,"template":"","format":"standard","meta":{"footnotes":""},"categories":[7],"tags":[],"class_list":{"0":"post-33813","1":"post","2":"type-post","3":"status-publish","4":"format-standard","5":"has-post-thumbnail","7":"category-policia"},"_links":{"self":[{"href":"https:\/\/senoticias.com.br\/se\/wp-json\/wp\/v2\/posts\/33813"}],"collection":[{"href":"https:\/\/senoticias.com.br\/se\/wp-json\/wp\/v2\/posts"}],"about":[{"href":"https:\/\/senoticias.com.br\/se\/wp-json\/wp\/v2\/types\/post"}],"author":[{"embeddable":true,"href":"https:\/\/senoticias.com.br\/se\/wp-json\/wp\/v2\/users\/3"}],"replies":[{"embeddable":true,"href":"https:\/\/senoticias.com.br\/se\/wp-json\/wp\/v2\/comments?post=33813"}],"version-history":[{"count":0,"href":"https:\/\/senoticias.com.br\/se\/wp-json\/wp\/v2\/posts\/33813\/revisions"}],"wp:featuredmedia":[{"embeddable":true,"href":"https:\/\/senoticias.com.br\/se\/wp-json\/wp\/v2\/media\/33820"}],"wp:attachment":[{"href":"https:\/\/senoticias.com.br\/se\/wp-json\/wp\/v2\/media?parent=33813"}],"wp:term":[{"taxonomy":"category","embeddable":true,"href":"https:\/\/senoticias.com.br\/se\/wp-json\/wp\/v2\/categories?post=33813"},{"taxonomy":"post_tag","embeddable":true,"href":"https:\/\/senoticias.com.br\/se\/wp-json\/wp\/v2\/tags?post=33813"}],"curies":[{"name":"wp","href":"https:\/\/api.w.org\/{rel}","templated":true}]}}