{"id":33798,"date":"2012-06-04T07:20:08","date_gmt":"2012-06-04T10:20:08","guid":{"rendered":"http:\/\/senoticias.com.br\/se\/?p=33798"},"modified":"2013-05-18T13:00:10","modified_gmt":"2013-05-18T16:00:10","slug":"dem-confirma-carlos-vilao-como-pre-candidato-a-prefeito-de-sao-cristovao","status":"publish","type":"post","link":"https:\/\/senoticias.com.br\/se\/dem-confirma-carlos-vilao-como-pre-candidato-a-prefeito-de-sao-cristovao\/","title":{"rendered":"DEM confirma Carlos Vil\u00e3o como pr\u00e9-candidato a prefeito de S\u00e3o Crist\u00f3v\u00e3o"},"content":{"rendered":"<div id=\"attachment_33802\" style=\"width: 274px\" class=\"wp-caption alignleft\"><a href=\"http:\/\/senoticias.com.br\/se\/wp-content\/uploads\/2012\/06\/DSCF0059.jpg\"><img loading=\"lazy\" decoding=\"async\" aria-describedby=\"caption-attachment-33802\" class=\"size-medium wp-image-33802\" title=\"DSCF0059\" src=\"http:\/\/senoticias.com.br\/se\/wp-content\/uploads\/2012\/06\/DSCF0059-264x300.jpg\" alt=\"\" width=\"264\" height=\"300\" srcset=\"https:\/\/senoticias.com.br\/se\/wp-content\/uploads\/2012\/06\/DSCF0059-264x300.jpg 264w, https:\/\/senoticias.com.br\/se\/wp-content\/uploads\/2012\/06\/DSCF0059-342x387.jpg 342w, https:\/\/senoticias.com.br\/se\/wp-content\/uploads\/2012\/06\/DSCF0059.jpg 559w\" sizes=\"(max-width: 264px) 100vw, 264px\" \/><\/a><p id=\"caption-attachment-33802\" class=\"wp-caption-text\">Jo\u00e3o Alves Filho declara apoio a Pr\u00e9-Candidatura de Carlos Vil\u00e3o\/ Foto: SE Not\u00edcias)<\/p><\/div>\n<p style=\"text-align: justify;\">Na noite de, s\u00e1bado (02) o ex-governador Jo\u00e3o Alves Filho, o ex-deputado federal Jos\u00e9 Carlos Machado, o deputado federal La\u00e9rcio Oliveira, o deputado estadual Capit\u00e3o Samuel e o Partido do Democratas oficializaram apoio a pr\u00e9-candidatura do atual Vereador Carlos Vil\u00e3o (DEM) \u00e0 Prefeitura de S\u00e3o Crist\u00f3v\u00e3o nas elei\u00e7\u00f5es de 7 de outubro. A reuni\u00e3o foi realizada pelo partido do Democratas \u00a0na C\u00e2mara Municipal de S\u00e3o Crist\u00f3v\u00e3o para anunciar os pr\u00e9-candidatos da sigla que concorrer\u00e3o ao pleito de outubro deste ano, com a presen\u00e7a de mais de 250 pessoas.<\/p>\n<p style=\"text-align: justify;\">O Presidente Estadual do Partido Democratas, Jo\u00e3o Alves Filho em suas palavras disse que o partido fez uma escolha democr\u00e1tica em que a grande maioria, em reuni\u00e3o partid\u00e1ria, declararam apoio a pr\u00e9-candidatura de Carlos Vil\u00e3o para Prefeito, &#8220;Carlos Vil\u00e3o \u00e9 uma pessoa digna de nossa confian\u00e7a, demonstrou durante seu mandato de vereador uma \u00f3tima conjuntura pol\u00edtica e admira\u00e7\u00e3o da popula\u00e7\u00e3o de S\u00e3o Crist\u00f3v\u00e3o, \u00e9 um jovem com novos ideais e projetos, estes que somam para o munic\u00edpio, com participa\u00e7\u00e3o direta da popula\u00e7\u00e3o em suas atitudes, tendo uma vis\u00e3o respons\u00e1vel de continua\u00e7\u00e3o aos trabalhos realizados e aperfei\u00e7oar os setores mais questionados pelos populares&#8221;, disse Jo\u00e3o Alves Filho, presidente do DEM em Sergipe.<\/p>\n<p style=\"text-align: justify;\">Carlos Vil\u00e3o, pr\u00e9-candidato a prefeito pelo DEM agradeceu as palavras do ex-governador Jo\u00e3o Alves Filho e o apoio do mesmo, al\u00e9m do apoio do deputado federal La\u00e9rcio Oliveira, do PR. Carlos Vil\u00e3o disse em poucas palavras que a caminhada da pr\u00e9-candidatura est\u00e1 apenas se iniciando, com grande aceita\u00e7\u00e3o da popula\u00e7\u00e3o de S\u00e3o Crist\u00f3v\u00e3o bem como do Grande Rosa Elze, e conseq\u00fcentemente o apoio de grandes lideran\u00e7as pol\u00edticas do Estado.<\/p>\n<p style=\"text-align: justify;\">&#8220;Agrade\u00e7o primeiramente a Deus, minha fam\u00edlia e a popula\u00e7\u00e3o sancristovense por me proporcionar este encontro inesquec\u00edvel organizado pelo partido do Democratas, estou Feliz por que est\u00e3o aqui presentes v\u00e1rias lideran\u00e7as pol\u00edticas, presidentes de bairros e lideres comunit\u00e1rios, estamos nesta pr\u00e9-caminhada, que de forma positiva vem se construindo com muita confian\u00e7a, comprometimento e compet\u00eancia para a seq\u00fc\u00eancia de um projeto para S\u00e3o Crist\u00f3v\u00e3o. Realizar uma administra\u00e7\u00e3o para o povo, para todos aqueles que aqui residem que assim como eu ama esse munic\u00edpio, esse \u00e9 o nosso ideal&#8221;, finalizou Carlos Vil\u00e3o.<\/p>\n<p style=\"text-align: justify;\">Al\u00e9m dos convencionais locais, a festa \u201cverde\u201d foi prestigiada pelo ex-Secret\u00e1rio de Seguran\u00e7a P\u00fablica K\u00e9rcio Pinto, a exemplo dos pr\u00e9-candidatos a vereador pela sigla, bem como convidados e o povo em geral. O empres\u00e1rio Maximo Fonseca, Walker Carvalho, os Vereadores Irm\u00e3o Gibson e Antonio Lima (Pai V\u00e9io) \u00e9 o pr\u00e9-candidato a prefeito Bet\u00e3o do PSD, tamb\u00e9m marcaram presen\u00e7a.<\/p>\n<p style=\"text-align: justify;\"><span style=\"color: #0000ff;\"><strong><a href=\"  http:\/\/www.facebook.com\/media\/set\/edit\/a.349186861819608.77909.100001848913727\/\">Clique aqui e veja a galeria de fotos do evento no facebook do SE Not\u00edcias<\/a><\/strong><\/span><\/p>\n<p style=\"text-align: justify;\"><span style=\"color: #333399;\"><em><strong>Por Reda\u00e7\u00e3o SE Not\u00edcias<\/strong><\/em><\/span><\/p>\n","protected":false},"excerpt":{"rendered":"<p>Na noite de, s\u00e1bado (02) o ex-governador Jo\u00e3o Alves Filho, o ex-deputado federal Jos\u00e9 Carlos Machado, o deputado federal La\u00e9rcio Oliveira, o deputado estadual Capit\u00e3o Samuel e o Partido do Democratas oficializaram apoio a pr\u00e9-candidatura do atual Vereador Carlos Vil\u00e3o (DEM) \u00e0 Prefeitura de S\u00e3o Crist\u00f3v\u00e3o nas elei\u00e7\u00f5es de 7 de outubro. A reuni\u00e3o foi [&hellip;]<\/p>\n","protected":false},"author":3,"featured_media":33802,"comment_status":"closed","ping_status":"closed","sticky":false,"template":"","format":"standard","meta":{"footnotes":""},"categories":[15,38,3],"tags":[],"class_list":{"0":"post-33798","1":"post","2":"type-post","3":"status-publish","4":"format-standard","5":"has-post-thumbnail","7":"category-destaques","8":"category-municipios","9":"category-saocristovao"},"_links":{"self":[{"href":"https:\/\/senoticias.com.br\/se\/wp-json\/wp\/v2\/posts\/33798"}],"collection":[{"href":"https:\/\/senoticias.com.br\/se\/wp-json\/wp\/v2\/posts"}],"about":[{"href":"https:\/\/senoticias.com.br\/se\/wp-json\/wp\/v2\/types\/post"}],"author":[{"embeddable":true,"href":"https:\/\/senoticias.com.br\/se\/wp-json\/wp\/v2\/users\/3"}],"replies":[{"embeddable":true,"href":"https:\/\/senoticias.com.br\/se\/wp-json\/wp\/v2\/comments?post=33798"}],"version-history":[{"count":0,"href":"https:\/\/senoticias.com.br\/se\/wp-json\/wp\/v2\/posts\/33798\/revisions"}],"wp:featuredmedia":[{"embeddable":true,"href":"https:\/\/senoticias.com.br\/se\/wp-json\/wp\/v2\/media\/33802"}],"wp:attachment":[{"href":"https:\/\/senoticias.com.br\/se\/wp-json\/wp\/v2\/media?parent=33798"}],"wp:term":[{"taxonomy":"category","embeddable":true,"href":"https:\/\/senoticias.com.br\/se\/wp-json\/wp\/v2\/categories?post=33798"},{"taxonomy":"post_tag","embeddable":true,"href":"https:\/\/senoticias.com.br\/se\/wp-json\/wp\/v2\/tags?post=33798"}],"curies":[{"name":"wp","href":"https:\/\/api.w.org\/{rel}","templated":true}]}}