{"id":33794,"date":"2012-06-04T06:01:47","date_gmt":"2012-06-04T09:01:47","guid":{"rendered":"http:\/\/senoticias.com.br\/se\/?p=33794"},"modified":"2012-06-04T06:01:47","modified_gmt":"2012-06-04T09:01:47","slug":"jovem-e-executado-com-tiros-de-pistola-em-itabaiana","status":"publish","type":"post","link":"https:\/\/senoticias.com.br\/se\/jovem-e-executado-com-tiros-de-pistola-em-itabaiana\/","title":{"rendered":"Jovem \u00e9 executado com tiros de pistola em Itabaiana"},"content":{"rendered":"<p style=\"text-align: justify;\"><a href=\"http:\/\/senoticias.com.br\/se\/wp-content\/uploads\/2012\/06\/Itabaiana.jpg\"><img loading=\"lazy\" decoding=\"async\" class=\"alignleft size-full wp-image-33795\" title=\"Itabaiana\" src=\"http:\/\/senoticias.com.br\/se\/wp-content\/uploads\/2012\/06\/Itabaiana.jpg\" alt=\"\" width=\"293\" height=\"220\" srcset=\"https:\/\/senoticias.com.br\/se\/wp-content\/uploads\/2012\/06\/Itabaiana.jpg 293w, https:\/\/senoticias.com.br\/se\/wp-content\/uploads\/2012\/06\/Itabaiana-60x45.jpg 60w, https:\/\/senoticias.com.br\/se\/wp-content\/uploads\/2012\/06\/Itabaiana-150x113.jpg 150w, https:\/\/senoticias.com.br\/se\/wp-content\/uploads\/2012\/06\/Itabaiana-269x201.jpg 269w\" sizes=\"(max-width: 293px) 100vw, 293px\" \/><\/a>O crime ocorreu as 19h30 deste domingo, dia 03, na Rua Perc\u00edlio Andrade, cruzamente com a Rua Esperidi\u00e3o Noronha, nas proximidades da resid\u00eancia da v\u00edtima.<\/p>\n<p style=\"text-align: justify;\">Atingido nas costas, bra\u00e7o direito e na cabe\u00e7a por disparos de pistola 9mm, Marcelo Alves de Santana, 24 anos, ainda conseguiu correr, mas caiu logo em seguida na cal\u00e7ada do Bar de Elias e morreu.<\/p>\n<p style=\"text-align: justify;\">Ele estava conversando com um amigo quando surpreendido com a chegada de um carro de cor prata, ocupado por duas pessoas, sendo que um deles, usando um capuz, desceu e efetuou os disparos.<\/p>\n<p style=\"text-align: justify;\">Marcelo Alves era envolvido com drogas e sua morte \u00e9 mais um caso para ser investigado pelo Setor de Homic\u00eddios e Prote\u00e7\u00e3o \u00e0 Pessoa da Delegacia Regional de Pol\u00edcia Civil de Itabaiana, sob o comando da delegada Viviane Jardim.<\/p>\n<p style=\"text-align: justify;\"><em><strong>Gilson de Oliveira &#8211; Itnet<\/strong><\/em><\/p>\n","protected":false},"excerpt":{"rendered":"<p>O crime ocorreu as 19h30 deste domingo, dia 03, na Rua Perc\u00edlio Andrade, cruzamente com a Rua Esperidi\u00e3o Noronha, nas proximidades da resid\u00eancia da v\u00edtima. Atingido nas costas, bra\u00e7o direito e na cabe\u00e7a por disparos de pistola 9mm, Marcelo Alves de Santana, 24 anos, ainda conseguiu correr, mas caiu logo em seguida na cal\u00e7ada do [&hellip;]<\/p>\n","protected":false},"author":3,"featured_media":33795,"comment_status":"closed","ping_status":"closed","sticky":false,"template":"","format":"standard","meta":{"footnotes":""},"categories":[7],"tags":[],"class_list":{"0":"post-33794","1":"post","2":"type-post","3":"status-publish","4":"format-standard","5":"has-post-thumbnail","7":"category-policia"},"_links":{"self":[{"href":"https:\/\/senoticias.com.br\/se\/wp-json\/wp\/v2\/posts\/33794"}],"collection":[{"href":"https:\/\/senoticias.com.br\/se\/wp-json\/wp\/v2\/posts"}],"about":[{"href":"https:\/\/senoticias.com.br\/se\/wp-json\/wp\/v2\/types\/post"}],"author":[{"embeddable":true,"href":"https:\/\/senoticias.com.br\/se\/wp-json\/wp\/v2\/users\/3"}],"replies":[{"embeddable":true,"href":"https:\/\/senoticias.com.br\/se\/wp-json\/wp\/v2\/comments?post=33794"}],"version-history":[{"count":0,"href":"https:\/\/senoticias.com.br\/se\/wp-json\/wp\/v2\/posts\/33794\/revisions"}],"wp:featuredmedia":[{"embeddable":true,"href":"https:\/\/senoticias.com.br\/se\/wp-json\/wp\/v2\/media\/33795"}],"wp:attachment":[{"href":"https:\/\/senoticias.com.br\/se\/wp-json\/wp\/v2\/media?parent=33794"}],"wp:term":[{"taxonomy":"category","embeddable":true,"href":"https:\/\/senoticias.com.br\/se\/wp-json\/wp\/v2\/categories?post=33794"},{"taxonomy":"post_tag","embeddable":true,"href":"https:\/\/senoticias.com.br\/se\/wp-json\/wp\/v2\/tags?post=33794"}],"curies":[{"name":"wp","href":"https:\/\/api.w.org\/{rel}","templated":true}]}}