{"id":33778,"date":"2012-06-03T20:16:33","date_gmt":"2012-06-03T23:16:33","guid":{"rendered":"http:\/\/senoticias.com.br\/se\/?p=33778"},"modified":"2012-06-04T19:01:34","modified_gmt":"2012-06-04T22:01:34","slug":"acidente-entre-moto-e-carro-deixa-motociclista-morto-em-lagarto","status":"publish","type":"post","link":"https:\/\/senoticias.com.br\/se\/acidente-entre-moto-e-carro-deixa-motociclista-morto-em-lagarto\/","title":{"rendered":"Acidente entre moto e carro deixa motociclista morto em Lagarto"},"content":{"rendered":"<p><em><span style=\"color: #333333;\"><strong>Colis\u00e3o aconteceu na tarde deste domingo (3), na rodovia Lourival Baptista<\/strong><\/span><\/em><\/p>\n<div id=\"attachment_33779\" style=\"width: 310px\" class=\"wp-caption alignleft\"><a href=\"http:\/\/senoticias.com.br\/se\/wp-content\/uploads\/2012\/06\/4.jpg\"><img loading=\"lazy\" decoding=\"async\" aria-describedby=\"caption-attachment-33779\" class=\"size-medium wp-image-33779\" title=\"4\" src=\"http:\/\/senoticias.com.br\/se\/wp-content\/uploads\/2012\/06\/4-300x225.jpg\" alt=\"\" width=\"300\" height=\"225\" srcset=\"https:\/\/senoticias.com.br\/se\/wp-content\/uploads\/2012\/06\/4-300x225.jpg 300w, https:\/\/senoticias.com.br\/se\/wp-content\/uploads\/2012\/06\/4-342x256.jpg 342w, https:\/\/senoticias.com.br\/se\/wp-content\/uploads\/2012\/06\/4-60x45.jpg 60w, https:\/\/senoticias.com.br\/se\/wp-content\/uploads\/2012\/06\/4-150x113.jpg 150w, https:\/\/senoticias.com.br\/se\/wp-content\/uploads\/2012\/06\/4-269x201.jpg 269w, https:\/\/senoticias.com.br\/se\/wp-content\/uploads\/2012\/06\/4.jpg 550w\" sizes=\"(max-width: 300px) 100vw, 300px\" \/><\/a><p id=\"caption-attachment-33779\" class=\"wp-caption-text\">Motocicleta ficou totalmente destru\u00edda. (Reprodu\u00e7\u00e3o \/Portal Lagartense)<\/p><\/div>\n<p style=\"text-align: justify;\">Por volta das 15h deste domingo(3\/6), na Rodovia Lourival Baptista, nas proximidades da entrada do povoado Olhos D&#8217;\u00e1gua, uma \u00a0colis\u00e3o entre uma moto e ve\u00edculo deixou uma v\u00edtima. O jovem Roberto Nascimento Gon\u00e7alves, 26 anos, morador do povoado Quilombo em Lagarto, seguia em sua motocicleta quando foi atingido em cheio por um ve\u00edculo Corolla que vinha em dire\u00e7\u00e3o contr\u00e1ria.<\/p>\n<p style=\"text-align: justify;\">A viol\u00eancia do impacto foi t\u00e3o grande que o corpo do jovem foi encontrado a mais de vinte metros do local da motocicleta, deformado e enroscado em uma cerca de arame farpado. O jovem sofreu morte instant\u00e2nea.<\/p>\n<p style=\"text-align: justify;\">Na batida o ve\u00edculo Corolla acabou rodopiando na pista e caindo em uma ribanceira, ficando com a frente totalmente destru\u00edda.<br \/>\nSegundo informa\u00e7\u00f5es de populares, o condutor do ve\u00edculo conhecido como <strong>&#8220;Gordo&#8221;<\/strong> &#8211; morador tamb\u00e9m do Quilombo &#8211; sofreu ferimentos e foi encaminhado ao Hospital.<\/p>\n<div class=\"mceTemp\" style=\"text-align: justify;\">\n<dl id=\"attachment_33780\" class=\"wp-caption alignleft\" style=\"width: 310px;\">\n<dt class=\"wp-caption-dt\"><a href=\"http:\/\/senoticias.com.br\/se\/wp-content\/uploads\/2012\/06\/3.jpg\"><img loading=\"lazy\" decoding=\"async\" class=\"size-medium wp-image-33780\" title=\"3\" src=\"http:\/\/senoticias.com.br\/se\/wp-content\/uploads\/2012\/06\/3-300x225.jpg\" alt=\"\" width=\"300\" height=\"225\" srcset=\"https:\/\/senoticias.com.br\/se\/wp-content\/uploads\/2012\/06\/3-300x225.jpg 300w, https:\/\/senoticias.com.br\/se\/wp-content\/uploads\/2012\/06\/3-342x256.jpg 342w, https:\/\/senoticias.com.br\/se\/wp-content\/uploads\/2012\/06\/3-60x45.jpg 60w, https:\/\/senoticias.com.br\/se\/wp-content\/uploads\/2012\/06\/3-150x113.jpg 150w, https:\/\/senoticias.com.br\/se\/wp-content\/uploads\/2012\/06\/3-269x201.jpg 269w, https:\/\/senoticias.com.br\/se\/wp-content\/uploads\/2012\/06\/3.jpg 550w\" sizes=\"(max-width: 300px) 100vw, 300px\" \/><\/a><\/dt>\n<dd class=\"wp-caption-dd\">Corolla caiu em uma ribanceira, ficando com a frente destru\u00edda.(Reprodu\u00e7\u00e3o\/Portal Lagartense)<\/dd>\n<\/dl>\n<\/div>\n<p style=\"text-align: justify;\">Parentes de Roberto disseram que ele tinha ido \u00e0 cidade levar um amigo e estava retornado ao povoado Quilombo.<\/p>\n<p style=\"text-align: justify;\">Outras informa\u00e7\u00f5es passadas pelo tio do jovem foi que na noite deste s\u00e1bado(2), Roberto e mais outros amigos foram v\u00edtimas de assaltantes em um bar no mesmo povoado. Os ladr\u00f5es levaram documentos, dinheiro, pertences e somente n\u00e3o roubaram a moto porque Roberto havia se deitado no ch\u00e3o em cima da chave.<\/p>\n<p style=\"text-align: justify;\">&#8211; Eles ainda tentaram ligar a motocicleta mas n\u00e3o conseguiram e foram embora; quando \u00e9 hoje acontece isso &#8211; lamentou uma mulher, tamb\u00e9m parente do jovem que morreu.<\/p>\n<p style=\"text-align: justify;\">Roberto pretendia ir \u00e0 cidade de S\u00e3o Paulo nos pr\u00f3ximos dias, para trabalhar.<\/p>\n<p><span style=\"color: #0000ff;\"><strong><a href=\"  http:\/\/lagartense.com.br\/8947\/terrivel-acidente-mata-jovem-motociclista-em-lagarto \" target=\"_blank\">Do Portal Lagartense<\/a><\/strong><\/span><\/p>\n","protected":false},"excerpt":{"rendered":"<p>Colis\u00e3o aconteceu na tarde deste domingo (3), na rodovia Lourival Baptista Por volta das 15h deste domingo(3\/6), na Rodovia Lourival Baptista, nas proximidades da entrada do povoado Olhos D&#8217;\u00e1gua, uma \u00a0colis\u00e3o entre uma moto e ve\u00edculo deixou uma v\u00edtima. O jovem Roberto Nascimento Gon\u00e7alves, 26 anos, morador do povoado Quilombo em Lagarto, seguia em sua [&hellip;]<\/p>\n","protected":false},"author":3,"featured_media":33779,"comment_status":"closed","ping_status":"closed","sticky":false,"template":"","format":"standard","meta":{"footnotes":""},"categories":[7],"tags":[],"class_list":{"0":"post-33778","1":"post","2":"type-post","3":"status-publish","4":"format-standard","5":"has-post-thumbnail","7":"category-policia"},"_links":{"self":[{"href":"https:\/\/senoticias.com.br\/se\/wp-json\/wp\/v2\/posts\/33778"}],"collection":[{"href":"https:\/\/senoticias.com.br\/se\/wp-json\/wp\/v2\/posts"}],"about":[{"href":"https:\/\/senoticias.com.br\/se\/wp-json\/wp\/v2\/types\/post"}],"author":[{"embeddable":true,"href":"https:\/\/senoticias.com.br\/se\/wp-json\/wp\/v2\/users\/3"}],"replies":[{"embeddable":true,"href":"https:\/\/senoticias.com.br\/se\/wp-json\/wp\/v2\/comments?post=33778"}],"version-history":[{"count":0,"href":"https:\/\/senoticias.com.br\/se\/wp-json\/wp\/v2\/posts\/33778\/revisions"}],"wp:featuredmedia":[{"embeddable":true,"href":"https:\/\/senoticias.com.br\/se\/wp-json\/wp\/v2\/media\/33779"}],"wp:attachment":[{"href":"https:\/\/senoticias.com.br\/se\/wp-json\/wp\/v2\/media?parent=33778"}],"wp:term":[{"taxonomy":"category","embeddable":true,"href":"https:\/\/senoticias.com.br\/se\/wp-json\/wp\/v2\/categories?post=33778"},{"taxonomy":"post_tag","embeddable":true,"href":"https:\/\/senoticias.com.br\/se\/wp-json\/wp\/v2\/tags?post=33778"}],"curies":[{"name":"wp","href":"https:\/\/api.w.org\/{rel}","templated":true}]}}