{"id":33774,"date":"2012-06-03T19:56:17","date_gmt":"2012-06-03T22:56:17","guid":{"rendered":"http:\/\/senoticias.com.br\/se\/?p=33774"},"modified":"2012-06-03T19:56:17","modified_gmt":"2012-06-03T22:56:17","slug":"aliados-em-brasilia-pt-e-pmdb-divergem-em-ao-menos-18-capitais","status":"publish","type":"post","link":"https:\/\/senoticias.com.br\/se\/aliados-em-brasilia-pt-e-pmdb-divergem-em-ao-menos-18-capitais\/","title":{"rendered":"Aliados em Bras\u00edlia, PT e PMDB divergem em ao menos 18 capitais"},"content":{"rendered":"<div id=\"attachment_33775\" style=\"width: 310px\" class=\"wp-caption alignleft\"><a href=\"http:\/\/senoticias.com.br\/se\/wp-content\/uploads\/2012\/06\/Temer-e-Dilma.jpg\"><img loading=\"lazy\" decoding=\"async\" aria-describedby=\"caption-attachment-33775\" class=\"size-medium wp-image-33775\" title=\"Temer e Dilma\" src=\"http:\/\/senoticias.com.br\/se\/wp-content\/uploads\/2012\/06\/Temer-e-Dilma-300x224.jpg\" alt=\"\" width=\"300\" height=\"224\" srcset=\"https:\/\/senoticias.com.br\/se\/wp-content\/uploads\/2012\/06\/Temer-e-Dilma-300x224.jpg 300w, https:\/\/senoticias.com.br\/se\/wp-content\/uploads\/2012\/06\/Temer-e-Dilma-342x256.jpg 342w, https:\/\/senoticias.com.br\/se\/wp-content\/uploads\/2012\/06\/Temer-e-Dilma-60x45.jpg 60w, https:\/\/senoticias.com.br\/se\/wp-content\/uploads\/2012\/06\/Temer-e-Dilma-150x113.jpg 150w, https:\/\/senoticias.com.br\/se\/wp-content\/uploads\/2012\/06\/Temer-e-Dilma-269x201.jpg 269w, https:\/\/senoticias.com.br\/se\/wp-content\/uploads\/2012\/06\/Temer-e-Dilma.jpg 619w\" sizes=\"(max-width: 300px) 100vw, 300px\" \/><\/a><p id=\"caption-attachment-33775\" class=\"wp-caption-text\">PMDB, de Temer, e PT, de Dilma, caminham em sentidos diferentes nas capitais \/ (Foto: Roberto Stcukert Filho\/PR\/Divulga\u00e7\u00e3o)<\/p><\/div>\n<p style=\"text-align: justify;\">A alian\u00e7a entre PMDB e PT que se formalizou em 2010 com a elei\u00e7\u00e3o de Dilma Rousseff (PT) e seu vice Michel Temer (PMDB) n\u00e3o deve ter grande impacto nas disputas municipais deste ano. Levantamento realizado pelo Terra em 26 capitais brasileiras mostra que os dois partidos, principais bases do governo federal, provavelmente adotar\u00e3o rumos bastante diferentes quando forem fechadas as candidaturas definitivas neste m\u00eas.<\/p>\n<p style=\"text-align: justify;\">As cidades onde PMDB e PT devem estar juntos s\u00e3o Rio de Janeiro, Goi\u00e2nia, S\u00e3o Lu\u00eds e Macei\u00f3, onde alian\u00e7as j\u00e1 foram definidas. Em 18 capitais, entretanto, a indica\u00e7\u00e3o \u00e9 de que os dois aliados ir\u00e3o disputar por caminhos opostos. S\u00e3o elas: Belo Horizonte, S\u00e3o Paulo, Vit\u00f3ria, Porto Alegre, Curitiba, Florian\u00f3polis, Cuiab\u00e1, Campo Grande, Recife, Jo\u00e3o Pessoa, Teresina, Natal, Salvador, Fortaleza, Rio Branco, Bel\u00e9m, Boa Vista e Manaus.<\/p>\n<p style=\"text-align: justify;\">A divis\u00e3o, de acordo com o presidente do PT em Alagoas, Joaquim Brito, \u00e9 contr\u00e1ria a uma orienta\u00e7\u00e3o da dire\u00e7\u00e3o da legenda. &#8220;A orienta\u00e7\u00e3o do PT nacional \u00e9 apoiar a candidatura dos partidos que comp\u00f5em a base aliada da presidente Dilma Rousseff&#8221;, afirmou recentemente. Em Macei\u00f3, os partidos de Dilma e Temer definiram apoio a Ronaldo Lessa (PDT).<\/p>\n<p style=\"text-align: justify;\">Se em Alagoas as coisas se resolveram rapidamente, na capital do Maranh\u00e3o o assunto gerou pol\u00eamica. Candidato do PT, Washington Luiz de Oliveira conta com o apoio do PMDB em sua candidatura, o que movimentou os bastidores de um Estado tradicionalmente governado pela direita. Washington trabalha para ter ainda PDT, PTC, PSB e PCdoB para sua chapa. &#8220;Eu sempre fui um pol\u00edtico em busca de unir for\u00e7as, por isso gostaria muito dessa alian\u00e7a de todos os partidos da base do governo Dilma&#8221;, afirmou.<\/p>\n<p style=\"text-align: justify;\">O posicionamento de Washington, por outro lado, gera discuss\u00f5es em seu pr\u00f3prio partido. \u00danico deputado estadual petista no Maranh\u00e3o, Bira do Pindar\u00e9 foi derrotado nas pr\u00e9vias do PT em S\u00e3o Lu\u00eds e se mostrava totalmente contr\u00e1rio a uma alian\u00e7a com a sigla do senador Jos\u00e9 Sarney e de sua filha Roseana Sarney, governadora do Maranh\u00e3o. &#8220;Minha candidatura \u00e9 do PT e n\u00e3o do grupo Sarney&#8221;, defende Washington.<\/p>\n<p style=\"text-align: justify;\">J\u00e1 nas duas maiores capitais do pa\u00eds, a situa\u00e7\u00e3o dos dois partidos parece encaminhada: em S\u00e3o Paulo, Gabriel Chalita (PMDB) e Fernando Haddad (PT) ser\u00e3o advers\u00e1rios no primeiro turno, embora ainda possam se aliar num eventual segundo turno.<br \/>\nNo Rio de Janeiro, Eduardo Paes (PMDB) &#8211; favorito \u00e0 reelei\u00e7\u00e3o para a prefeitura &#8211; teve apoio anunciado pelo PT ainda em 2010, apesar de alas petistas dissidentes desaprovarem a uni\u00e3o na cidade, alegando que o partido pode ficar com a identidade pol\u00edtica enfraquecida no Estado.<\/p>\n<p style=\"text-align: justify;\"><strong>Partidos-condom\u00ednio<\/strong><\/p>\n<p style=\"text-align: justify;\">A se confirmar agora em junho, o posicionamento dos dois partidos dever\u00e1 ser realmente diferente em rela\u00e7\u00e3o \u00e0s elei\u00e7\u00f5es de 2008. Naquela ocasi\u00e3o, PMDB e PT ficaram de lados diferentes em apenas oito capitais.<br \/>\nA professora do departamento de ci\u00eancia pol\u00edtica da PUC-SP Rosemary Segurado explica que a diverg\u00eancia entre a conduta dos partidos nos munic\u00edpios e no Executivo n\u00e3o \u00e9 problema s\u00f3 de PT e PMDB, mas engloba todos os outros partidos e \u00e9 uma caracter\u00edstica marcante do pr\u00f3prio sistema pol\u00edtico brasileiro, que al\u00e9m da pluralidade de siglas promove uma pulveriza\u00e7\u00e3o de correntes dentro das legendas.<\/p>\n<p style=\"text-align: justify;\">&#8220;O plano local, a municipalidade, n\u00e3o conversa com o geral e acaba n\u00e3o se expressando no plano nacional&#8221;, comenta a professora. &#8220;Voc\u00ea tem um conjunto de acordos e diverg\u00eancias do ponto de vista local que \u00e0s vezes podem ser minimizados quando se chega \u00e0 esfera federal, e vice-versa&#8221;. Assim, os embates que acontecem no dia a dia da pol\u00edtica ganham for\u00e7a para descosturar, nos munic\u00edpios, alian\u00e7as cuidadosamente alinhavadas no poder central.<\/p>\n<p style=\"text-align: justify;\">Em outra raz\u00e3o para a discord\u00e2ncia, Rosemary lembra, tamb\u00e9m, da falta de homogeneidade e do fisiologismo que muitos apontam como tra\u00e7os do PMDB. &#8220;Quando a gente fala PMDB, de qual PMDB estamos falando? N\u00e3o tem uma homogeneidade&#8221;, critica a professora.<br \/>\n&#8220;Mais que partido, vira uma esp\u00e9cie de um condom\u00ednio com v\u00e1rios apartamentos. Na minha casa eu fa\u00e7o o que eu quiser e a sua casa \u00e9 outra. Ent\u00e3o qual \u00e9 o significado do partido?&#8221;, questiona, acrescentando que se esse condom\u00ednio partid\u00e1rio n\u00e3o enfraquece as alian\u00e7as nacionais, \u00e9 porque agrada aos interesses das siglas, que n\u00e3o ligam para a varia\u00e7\u00e3o de alian\u00e7as contanto que elas as fortale\u00e7am nos redutos. &#8220;Ficamos olhando intrigados para aquela sopa de letrinhas que s\u00e3o as siglas partid\u00e1rias, mas o partido funciona apenas como artif\u00edcio.&#8221;, conclui.<\/p>\n<p><strong>Confira os cen\u00e1rios atuais nas capitais brasileiras<\/strong><\/p>\n<p><strong>S\u00e3o Paulo (SP)<\/strong><br \/>\nGabriel Chalita (PMDB) contra Fernando Haddad (PT)<br \/>\n<strong>Rio de Janeiro (RJ)<\/strong><br \/>\nEduardo Paes (PMDB) tem apoio do PT<br \/>\n<strong>Belo Horizonte (MG)<\/strong><br \/>\nPT n\u00e3o apoiar\u00e1 Leonardo Quint\u00e3o (PMDB) e busca colocar um nome como o de Roberto Carvalho (PT) em alguma outra chapa, como a do PSB<br \/>\n<strong>Vit\u00f3ria (ES)<\/strong><br \/>\nPaulo Hartung (PMDB) desistiu da pr\u00e9-candidatura, abrindo caminho para um apoio a Iriny Lopes (PT), mas a situa\u00e7\u00e3o ainda n\u00e3o est\u00e1 definida<br \/>\n<strong>Porto Alegre (RS)<\/strong><br \/>\nAd\u00e3o Villaverde (PT) n\u00e3o ter\u00e1 apoio do PMDB, que coligar\u00e1 com Jos\u00e9 Fortunati (PDT)<br \/>\nCuritiba (PR)<br \/>\nRafael Greca (PMDB) contra Gustavo Fruet (PDT), que \u00e9 apoiado pelo PT<br \/>\n<strong>Florian\u00f3polis (SC)<\/strong><br \/>\nGean Loureiro (PMDB) contra M\u00e1rcio Souza (PT)<br \/>\n<strong>Goi\u00e2nia (GO)<\/strong><br \/>\nPaulo Garcia (PT) tem apoio do PMDB<br \/>\n<strong>Cuiab\u00e1 (MT)<\/strong><br \/>\nJo\u00e3o Dorileo Leal (PMDB) ou Altevir Magalh\u00e3es (PMDB) contra L\u00fadio Cabral (PT)<br \/>\n<strong>Campo Grande (MS)<\/strong><br \/>\nEdson Giroto (PMDB) contra Vander Loubet (PT)<br \/>\n<strong>Recife (PE)<\/strong><br \/>\nRaul Henry (PMDB) contra Jo\u00e3o da Costa ou Humberto Costa (PT)<br \/>\n<strong>Jo\u00e3o Pessoa (PB)<\/strong><br \/>\nJos\u00e9 Maranh\u00e3o (PMDB) contra Luciano Cartaxo (PT)<br \/>\n<strong>Teresina (PI)<\/strong><br \/>\nMarllos Sampaio (PMDB) contra Rejane Dias (PT)<br \/>\n<strong>Natal (RN)<\/strong><br \/>\nHermano Morais (PMDB) contra Fernando Mineiro (PT)<br \/>\n<strong>Salvador (BA)<\/strong><br \/>\nM\u00e1rio Kert\u00e9sz (PMDB) contra Nelson Pelegrino (PT) ou Walter Pinheiro (PT)<br \/>\n<strong>S\u00e3o Lu\u00eds (MA)<\/strong><br \/>\nWashington Luiz de Oliveira (PT) tem apoio do PMDB<br \/>\n<strong>Macei\u00f3 (AL)<\/strong><br \/>\nRonaldo Lessa (PDT) tem apoio de PMDB e PT<br \/>\n<strong>Aracaju (SE)<\/strong><br \/>\nRog\u00e9rio Carvalho (PT), PMDB n\u00e3o se decidiu<br \/>\n<strong>Fortaleza (CE)<\/strong><br \/>\nDanilo Forte (PMDB) contra Artur Bruno (PT) ou Elmano Freitas (PT)<br \/>\n<strong>Porto Velho (RO)<\/strong><br \/>\nF\u00e1tima Cleide (PT), PMDB n\u00e3o se decidiu<br \/>\n<strong>Rio Branco (AC)<\/strong><br \/>\nFernando Melo (PMDB) contra Marcus Alexandre (PT)<br \/>\n<strong>Palmas (TO)<\/strong><br \/>\nEli Borges (PMDB), PT n\u00e3o se decidiu<br \/>\n<strong>Bel\u00e9m (PA)<\/strong><br \/>\nPriante (PMDB) contra Alfredo Costa (PT)<br \/>\n<strong>Boavista (RR)<\/strong><br \/>\nTeresa Surita (PMDB); PT ser\u00e1 oposi\u00e7\u00e3o, mas sem candidato j\u00e1 definido em coliga\u00e7\u00e3o<br \/>\n<strong>Manaus (AM)<\/strong><br \/>\nJos\u00e9 Melo (PMDB) contra Francisco Praciano (PT)<br \/>\n<strong>Macap\u00e1 (AP)<\/strong><br \/>\nEvandro Gama (PT), Louviral Freitas (PT) ou Rocha do Sucat\u00e3o (PT), PMDB n\u00e3o se decidiu<\/p>\n<p><span style=\"color: #808080;\"><em><strong>Portal Terra<\/strong><\/em><\/span><\/p>\n","protected":false},"excerpt":{"rendered":"<p>A alian\u00e7a entre PMDB e PT que se formalizou em 2010 com a elei\u00e7\u00e3o de Dilma Rousseff (PT) e seu vice Michel Temer (PMDB) n\u00e3o deve ter grande impacto nas disputas municipais deste ano. Levantamento realizado pelo Terra em 26 capitais brasileiras mostra que os dois partidos, principais bases do governo federal, provavelmente adotar\u00e3o rumos [&hellip;]<\/p>\n","protected":false},"author":3,"featured_media":33775,"comment_status":"closed","ping_status":"closed","sticky":false,"template":"","format":"standard","meta":{"footnotes":""},"categories":[6],"tags":[],"class_list":{"0":"post-33774","1":"post","2":"type-post","3":"status-publish","4":"format-standard","5":"has-post-thumbnail","7":"category-politica"},"_links":{"self":[{"href":"https:\/\/senoticias.com.br\/se\/wp-json\/wp\/v2\/posts\/33774"}],"collection":[{"href":"https:\/\/senoticias.com.br\/se\/wp-json\/wp\/v2\/posts"}],"about":[{"href":"https:\/\/senoticias.com.br\/se\/wp-json\/wp\/v2\/types\/post"}],"author":[{"embeddable":true,"href":"https:\/\/senoticias.com.br\/se\/wp-json\/wp\/v2\/users\/3"}],"replies":[{"embeddable":true,"href":"https:\/\/senoticias.com.br\/se\/wp-json\/wp\/v2\/comments?post=33774"}],"version-history":[{"count":0,"href":"https:\/\/senoticias.com.br\/se\/wp-json\/wp\/v2\/posts\/33774\/revisions"}],"wp:featuredmedia":[{"embeddable":true,"href":"https:\/\/senoticias.com.br\/se\/wp-json\/wp\/v2\/media\/33775"}],"wp:attachment":[{"href":"https:\/\/senoticias.com.br\/se\/wp-json\/wp\/v2\/media?parent=33774"}],"wp:term":[{"taxonomy":"category","embeddable":true,"href":"https:\/\/senoticias.com.br\/se\/wp-json\/wp\/v2\/categories?post=33774"},{"taxonomy":"post_tag","embeddable":true,"href":"https:\/\/senoticias.com.br\/se\/wp-json\/wp\/v2\/tags?post=33774"}],"curies":[{"name":"wp","href":"https:\/\/api.w.org\/{rel}","templated":true}]}}