{"id":33763,"date":"2012-06-03T18:20:05","date_gmt":"2012-06-03T21:20:05","guid":{"rendered":"http:\/\/senoticias.com.br\/se\/?p=33763"},"modified":"2012-06-04T15:09:59","modified_gmt":"2012-06-04T18:09:59","slug":"aviao-com-153-passageiros-cai-na-maior-cidade-da-nigeria","status":"publish","type":"post","link":"https:\/\/senoticias.com.br\/se\/aviao-com-153-passageiros-cai-na-maior-cidade-da-nigeria\/","title":{"rendered":"Avi\u00e3o com 153 passageiros cai na maior cidade da Nig\u00e9ria"},"content":{"rendered":"<p><span style=\"color: #333333;\"><strong>N\u00e3o h\u00e1 sobreviventes em acidente de avi\u00e3o na Nig\u00e9ria<\/strong><\/span><\/p>\n<div id=\"attachment_33764\" style=\"width: 560px\" class=\"wp-caption aligncenter\"><a href=\"http:\/\/senoticias.com.br\/se\/wp-content\/uploads\/2012\/06\/12155139.jpeg\"><img loading=\"lazy\" decoding=\"async\" aria-describedby=\"caption-attachment-33764\" class=\"size-full wp-image-33764\" title=\"12155139\" src=\"http:\/\/senoticias.com.br\/se\/wp-content\/uploads\/2012\/06\/12155139.jpeg\" alt=\"\" width=\"550\" height=\"550\" srcset=\"https:\/\/senoticias.com.br\/se\/wp-content\/uploads\/2012\/06\/12155139.jpeg 550w, https:\/\/senoticias.com.br\/se\/wp-content\/uploads\/2012\/06\/12155139-150x150.jpg 150w, https:\/\/senoticias.com.br\/se\/wp-content\/uploads\/2012\/06\/12155139-300x300.jpg 300w, https:\/\/senoticias.com.br\/se\/wp-content\/uploads\/2012\/06\/12155139-50x50.jpg 50w, https:\/\/senoticias.com.br\/se\/wp-content\/uploads\/2012\/06\/12155139-342x342.jpg 342w, https:\/\/senoticias.com.br\/se\/wp-content\/uploads\/2012\/06\/12155139-70x70.jpg 70w, https:\/\/senoticias.com.br\/se\/wp-content\/uploads\/2012\/06\/12155139-55x55.jpg 55w\" sizes=\"(max-width: 550px) 100vw, 550px\" \/><\/a><p id=\"caption-attachment-33764\" class=\"wp-caption-text\">Destro\u00e7os de avi\u00e3o de passageiros que caiu sobre pr\u00e9dio de Lagos, na Nig\u00e9ria. (Reuters)<\/p><\/div>\n<p style=\"text-align: justify;\">N\u00e3o houve sobreviventes entre os mais de 150 passageiros a bordo de um avi\u00e3o de passageiros que caiu na cidade de Lagos neste domingo, disse um oficial da Ag\u00eancia Nacional de Gerenciamento de Emerg\u00eancias \u00e0s ag\u00eancias Reuters e Associated Press. A ag\u00eancia France Presse tamb\u00e9m divulgou a informa\u00e7\u00e3o citando o departamento de avia\u00e7\u00e3o civil do pa\u00eds.<\/p>\n<p style=\"text-align: justify;\">O avi\u00e3o, operado pela companhia a\u00e9rea privada Dana Air, bateu em uma loja de m\u00f3veis e, em seguida, chocou-se contra pr\u00e9dios residenciais, afirma o departamento.<\/p>\n<p style=\"text-align: justify;\">Bombeiros retiraram ao menos um corpo da constru\u00e7\u00e3o de tr\u00eas andares, que foi atingida parcialmente. A busca por sobreviventes continuava no local, onde era poss\u00edvel ver corpos carbonizados.<\/p>\n<p style=\"text-align: justify;\">O v\u00f4o da Dana Air fazia o trajeto entre Abuja (capital da Nig\u00e9ria) e Lagos.<\/p>\n<p style=\"text-align: justify;\">Autoridades procuram identificar as v\u00edtimas. J\u00e1 \u00e9 comum, na Nig\u00e9ria, utilizar apenas bilhetes de papel e n\u00e3o registrar em sistemas informatizados a identidade dos passageiros.<\/p>\n<p style=\"text-align: justify;\"><strong>LUTO<\/strong><\/p>\n<p style=\"text-align: justify;\">O presidente da Nig\u00e9ria, Goodluck Jonathan, decretou tr\u00eas dias de luto nacional ap\u00f3s o acidente. O chefe de Estado, que cancelou todos os seus compromissos p\u00fablicos previstos para segunda-feira, pediu investiga\u00e7\u00e3o sobre o acidente.<\/p>\n<p style=\"text-align: justify;\">O presidente Jonathan tamb\u00e9m ordenou que a bandeira nigeriana fique a meio mastro durante o per\u00edodo de luto, indica o comunicado.<\/p>\n<pre>\r\n<span style=\"color: #333333;\"><em><strong>DAS AG\u00caNCIAS DE NOT\u00cdCIAS<\/strong><\/em><\/span><\/pre>\n","protected":false},"excerpt":{"rendered":"<p>N\u00e3o h\u00e1 sobreviventes em acidente de avi\u00e3o na Nig\u00e9ria N\u00e3o houve sobreviventes entre os mais de 150 passageiros a bordo de um avi\u00e3o de passageiros que caiu na cidade de Lagos neste domingo, disse um oficial da Ag\u00eancia Nacional de Gerenciamento de Emerg\u00eancias \u00e0s ag\u00eancias Reuters e Associated Press. A ag\u00eancia France Presse tamb\u00e9m divulgou [&hellip;]<\/p>\n","protected":false},"author":3,"featured_media":33764,"comment_status":"closed","ping_status":"closed","sticky":false,"template":"","format":"standard","meta":{"footnotes":""},"categories":[38],"tags":[],"class_list":{"0":"post-33763","1":"post","2":"type-post","3":"status-publish","4":"format-standard","5":"has-post-thumbnail","7":"category-municipios"},"_links":{"self":[{"href":"https:\/\/senoticias.com.br\/se\/wp-json\/wp\/v2\/posts\/33763"}],"collection":[{"href":"https:\/\/senoticias.com.br\/se\/wp-json\/wp\/v2\/posts"}],"about":[{"href":"https:\/\/senoticias.com.br\/se\/wp-json\/wp\/v2\/types\/post"}],"author":[{"embeddable":true,"href":"https:\/\/senoticias.com.br\/se\/wp-json\/wp\/v2\/users\/3"}],"replies":[{"embeddable":true,"href":"https:\/\/senoticias.com.br\/se\/wp-json\/wp\/v2\/comments?post=33763"}],"version-history":[{"count":0,"href":"https:\/\/senoticias.com.br\/se\/wp-json\/wp\/v2\/posts\/33763\/revisions"}],"wp:featuredmedia":[{"embeddable":true,"href":"https:\/\/senoticias.com.br\/se\/wp-json\/wp\/v2\/media\/33764"}],"wp:attachment":[{"href":"https:\/\/senoticias.com.br\/se\/wp-json\/wp\/v2\/media?parent=33763"}],"wp:term":[{"taxonomy":"category","embeddable":true,"href":"https:\/\/senoticias.com.br\/se\/wp-json\/wp\/v2\/categories?post=33763"},{"taxonomy":"post_tag","embeddable":true,"href":"https:\/\/senoticias.com.br\/se\/wp-json\/wp\/v2\/tags?post=33763"}],"curies":[{"name":"wp","href":"https:\/\/api.w.org\/{rel}","templated":true}]}}