{"id":33755,"date":"2012-06-03T16:42:49","date_gmt":"2012-06-03T19:42:49","guid":{"rendered":"http:\/\/senoticias.com.br\/se\/?p=33755"},"modified":"2012-06-04T18:54:06","modified_gmt":"2012-06-04T21:54:06","slug":"semarh-abre-nesta-2%c2%aa-a-semana-do-meio-ambiente","status":"publish","type":"post","link":"https:\/\/senoticias.com.br\/se\/semarh-abre-nesta-2%c2%aa-a-semana-do-meio-ambiente\/","title":{"rendered":"Governo  abre nesta 2\u00aa a Semana do Meio Ambiente"},"content":{"rendered":"<p>&nbsp;<\/p>\n<p style=\"text-align: justify;\"><strong>A programa\u00e7\u00e3o ir\u00e1 ocorrer at\u00e9 o dia 22 de junho, com a\u00e7\u00f5es na na capital e no interior do Estado<\/strong><\/p>\n<div id=\"attachment_33756\" style=\"width: 235px\" class=\"wp-caption alignleft\"><a href=\"http:\/\/senoticias.com.br\/se\/wp-content\/uploads\/2012\/06\/Meio-Ambiente.jpg\"><img loading=\"lazy\" decoding=\"async\" aria-describedby=\"caption-attachment-33756\" class=\"size-full wp-image-33756\" title=\"Meio Ambiente\" src=\"http:\/\/senoticias.com.br\/se\/wp-content\/uploads\/2012\/06\/Meio-Ambiente.jpg\" alt=\"\" width=\"225\" height=\"225\" srcset=\"https:\/\/senoticias.com.br\/se\/wp-content\/uploads\/2012\/06\/Meio-Ambiente.jpg 225w, https:\/\/senoticias.com.br\/se\/wp-content\/uploads\/2012\/06\/Meio-Ambiente-150x150.jpg 150w, https:\/\/senoticias.com.br\/se\/wp-content\/uploads\/2012\/06\/Meio-Ambiente-50x50.jpg 50w, https:\/\/senoticias.com.br\/se\/wp-content\/uploads\/2012\/06\/Meio-Ambiente-70x70.jpg 70w, https:\/\/senoticias.com.br\/se\/wp-content\/uploads\/2012\/06\/Meio-Ambiente-55x55.jpg 55w\" sizes=\"(max-width: 225px) 100vw, 225px\" \/><\/a><p id=\"caption-attachment-33756\" class=\"wp-caption-text\">A programa\u00e7\u00e3o ir\u00e1 ocorrer at\u00e9 o dia 22 de junho\/Reprodu\u00e7\u00e3o<\/p><\/div>\n<p style=\"text-align: justify;\">A partir da pr\u00f3xima segunda-feira, dia 04 de junho, a Secretaria de Estado do Meio Ambiente e dos Recursos H\u00eddricos (Semarh), ir\u00e1 desenvolver uma s\u00e9rie de atividades em celebra\u00e7\u00e3o ao Dia Mundial do Meio Ambiente, data comemorada em 05 de junho. A programa\u00e7\u00e3o ir\u00e1 ocorrer at\u00e9 o dia 22 de junho, com a\u00e7\u00f5es na capital e no interior do Estado.<\/p>\n<p style=\"text-align: justify;\">\u2018Caatinga: a riqueza do sert\u00e3o no olhar do sertanejo\u2019, ser\u00e1 o tema da abertura oficial do evento, que ocorrer\u00e1 na Unidade de Conserva\u00e7\u00e3o do Monumento Natural Grota do Angico, \u00e1rea de preserva\u00e7\u00e3o gerida pela Semarh, situada entre os munic\u00edpios de Canind\u00e9 de S\u00e3o Francisco e Po\u00e7o Redondo.<\/p>\n<p style=\"text-align: justify;\">Durante toda a manh\u00e3, a Unidade de Conserva\u00e7\u00e3o receber\u00e1 alunos de diversas escolas e da comunidade da regi\u00e3o do Alto Sert\u00e3o. Na programa\u00e7\u00e3o consta Exposi\u00e7\u00e3o Fotogr\u00e1fica da Biodiversidade do Mona Angico; Exposi\u00e7\u00e3o de Produtos da Caatinga e ainda, Gincana Ambiental. Para a celebra\u00e7\u00e3o ficar mais animada, haver\u00e1 a apresenta\u00e7\u00e3o musical da Banda Febre de Rato, do Incra; do Aboios e cantorias; e da Cordel Encantado. A perspectiva \u00e9 que as atividades sejam encerradas no in\u00edcio da tarde.<\/p>\n<p style=\"text-align: justify;\">A import\u00e2ncia da realiza\u00e7\u00e3o da Semana do Meio Ambiente foi destacada pelo secret\u00e1rio da Semarh, o bi\u00f3logo Genival Nunes. \u201cSer\u00e1 uma oportunidade de se fazer conhecida pela popula\u00e7\u00e3o, a\u00e7\u00f5es e servi\u00e7os realizados pelo Governo do Estado na \u00e1rea ambiental, tendo como refer\u00eancia a pr\u00f3pria Unidade de Conserva\u00e7\u00e3o da Caatinga, criada pelo Governo para preservar o bioma e ainda, cumprir importantes fun\u00e7\u00f5es ecol\u00f3gicas, cient\u00edficas, econ\u00f4micas, sociais e pol\u00edticas. Tamb\u00e9m, engajar a popula\u00e7\u00e3o em atividades de conscientiza\u00e7\u00e3o ambiental\u201d, defende.<\/p>\n<p style=\"text-align: justify;\"><strong>Programa\u00e7\u00e3o<\/strong><\/p>\n<p style=\"text-align: justify;\">No dia 05 de Junho, Dia Mundial do Meio Ambiente, a programa\u00e7\u00e3o contar\u00e1 com os lan\u00e7amentos virtuais da Carta Consulta para Regulamenta\u00e7\u00e3o da Pol\u00edtica Estadual de Educa\u00e7\u00e3o Ambiental, do Mapa Digital do Manguezal de Sergipe, do Atlas Digital de Recursos H\u00eddricos, e do PRH. Os lan\u00e7amentos ocorrer\u00e3o no audit\u00f3rio da Codise, a partir das 8h.<\/p>\n<p style=\"text-align: justify;\">Na quarta-feira, dia 06 de junho, com a participa\u00e7\u00e3o de mais de 1.800 alunos das redes p\u00fablica e particular de ensino, ser\u00e1 realizado o dia da premia\u00e7\u00e3o da IV Olimp\u00edada Ambiental de Sergipe. O evento ser\u00e1 iniciado a partir das \u00e0s 8h30, no Teatro Tobias Barreto.<\/p>\n<p style=\"text-align: justify;\">J\u00e1 no dia 14 de junho, ir\u00e1 ocorrer o \u2018Dia ambiental no Centro de Educa\u00e7\u00e3o Ambiental na APA Morro do Urubu\u2019. Na programa\u00e7\u00e3o, trilhas ecol\u00f3gicas; esquete teatral; cinema ambiental; capacita\u00e7\u00e3o de horta org\u00e2nica do Centro de Forma\u00e7\u00e3o Tecnol\u00f3gica em Agricultura Sustent\u00e1vel de Itabaiana\/Emdagro; visitas monitoradas ao Zool\u00f3gico de Aracaju; e jogos ambientais.<\/p>\n<p style=\"text-align: justify;\">Durante evento, ser\u00e1 montado um acompanhamento de registro fotogr\u00e1fico das esp\u00e9cies nativas plantadas pelas superintend\u00eancias de Biodiversidade e Florestas, e de Qualidade Ambiental, Educa\u00e7\u00e3o Ambiental e Desenvolvimento Sustent\u00e1vel.<\/p>\n<p style=\"text-align: justify;\">A programa\u00e7\u00e3o alusiva ao Dia Mundial do Meio Ambiente ser\u00e1 encerrada com a realiza\u00e7\u00e3o da Exposi\u00e7\u00e3o da Mata Atl\u00e2ntica, a qual ocorrer\u00e1 no per\u00edodo de 18 a 22 de junho. Na ocasi\u00e3o, os t\u00e9cnicos da Semarh ir\u00e3o desenvolver momentos interativos de Jogos Ambientais.<\/p>\n<p style=\"text-align: justify;\">A exposi\u00e7\u00e3o fotogr\u00e1fica e as atividades ocorrer\u00e3o durante os cinco dias nos hor\u00e1rios das 10 \u00e0s 16hs, no Parque da Cidade.<\/p>\n<p style=\"text-align: justify;\"><span style=\"color: #333333;\"><em><strong>Da Ag\u00eancia Sergipe de Not\u00edcias<\/strong><\/em><\/span><\/p>\n","protected":false},"excerpt":{"rendered":"<p>&nbsp; A programa\u00e7\u00e3o ir\u00e1 ocorrer at\u00e9 o dia 22 de junho, com a\u00e7\u00f5es na na capital e no interior do Estado A partir da pr\u00f3xima segunda-feira, dia 04 de junho, a Secretaria de Estado do Meio Ambiente e dos Recursos H\u00eddricos (Semarh), ir\u00e1 desenvolver uma s\u00e9rie de atividades em celebra\u00e7\u00e3o ao Dia Mundial do Meio [&hellip;]<\/p>\n","protected":false},"author":3,"featured_media":33756,"comment_status":"closed","ping_status":"closed","sticky":false,"template":"","format":"standard","meta":{"footnotes":""},"categories":[38],"tags":[],"class_list":{"0":"post-33755","1":"post","2":"type-post","3":"status-publish","4":"format-standard","5":"has-post-thumbnail","7":"category-municipios"},"_links":{"self":[{"href":"https:\/\/senoticias.com.br\/se\/wp-json\/wp\/v2\/posts\/33755"}],"collection":[{"href":"https:\/\/senoticias.com.br\/se\/wp-json\/wp\/v2\/posts"}],"about":[{"href":"https:\/\/senoticias.com.br\/se\/wp-json\/wp\/v2\/types\/post"}],"author":[{"embeddable":true,"href":"https:\/\/senoticias.com.br\/se\/wp-json\/wp\/v2\/users\/3"}],"replies":[{"embeddable":true,"href":"https:\/\/senoticias.com.br\/se\/wp-json\/wp\/v2\/comments?post=33755"}],"version-history":[{"count":0,"href":"https:\/\/senoticias.com.br\/se\/wp-json\/wp\/v2\/posts\/33755\/revisions"}],"wp:featuredmedia":[{"embeddable":true,"href":"https:\/\/senoticias.com.br\/se\/wp-json\/wp\/v2\/media\/33756"}],"wp:attachment":[{"href":"https:\/\/senoticias.com.br\/se\/wp-json\/wp\/v2\/media?parent=33755"}],"wp:term":[{"taxonomy":"category","embeddable":true,"href":"https:\/\/senoticias.com.br\/se\/wp-json\/wp\/v2\/categories?post=33755"},{"taxonomy":"post_tag","embeddable":true,"href":"https:\/\/senoticias.com.br\/se\/wp-json\/wp\/v2\/tags?post=33755"}],"curies":[{"name":"wp","href":"https:\/\/api.w.org\/{rel}","templated":true}]}}