{"id":33750,"date":"2012-06-03T16:27:34","date_gmt":"2012-06-03T19:27:34","guid":{"rendered":"http:\/\/senoticias.com.br\/se\/?p=33750"},"modified":"2012-06-03T20:17:47","modified_gmt":"2012-06-03T23:17:47","slug":"homem-encontrado-morto-com-perfuracoes-pelo-corpo-em-areia-branca-se","status":"publish","type":"post","link":"https:\/\/senoticias.com.br\/se\/homem-encontrado-morto-com-perfuracoes-pelo-corpo-em-areia-branca-se\/","title":{"rendered":"Homem \u00e9 encontrado morto com perfura\u00e7\u00f5es pelo corpo, em Areia Branca, SE"},"content":{"rendered":"<p>&nbsp;<\/p>\n<div id=\"attachment_16471\" style=\"width: 269px\" class=\"wp-caption alignleft\"><a href=\"http:\/\/senoticias.com.br\/se\/wp-content\/uploads\/2011\/10\/IML.jpg\"><img loading=\"lazy\" decoding=\"async\" aria-describedby=\"caption-attachment-16471\" class=\"size-full wp-image-16471\" title=\"IML\" src=\"http:\/\/senoticias.com.br\/se\/wp-content\/uploads\/2011\/10\/IML.jpg\" alt=\"\" width=\"259\" height=\"194\" srcset=\"https:\/\/senoticias.com.br\/se\/wp-content\/uploads\/2011\/10\/IML.jpg 259w, https:\/\/senoticias.com.br\/se\/wp-content\/uploads\/2011\/10\/IML-60x45.jpg 60w, https:\/\/senoticias.com.br\/se\/wp-content\/uploads\/2011\/10\/IML-150x113.jpg 150w\" sizes=\"(max-width: 259px) 100vw, 259px\" \/><\/a><p id=\"caption-attachment-16471\" class=\"wp-caption-text\">Em Areia Branca, jovem \u00e9 encontrado morto com perfura\u00e7\u00f5es de arma branca. (Foto: Reprodu\u00e7\u00e3o)<\/p><\/div>\n<p style=\"text-align: justify;\">Por volta das 6 horas da manh\u00e3 deste domingo, dia 03, populares encontraram o corpo de um homem nas proximidades da Pra\u00e7a da Pomba, localizada \u00e0s margens da BR-235, em Areia Branca (SE).<\/p>\n<p style=\"text-align: justify;\">O fato foi comunicado \u00e0 pol\u00edcia e ao chegar ao local a v\u00edtima foi identificada como Anderson Ezequiel dos Santos, 24 anos. Ele apresentava marcas pelo corpo provocadas por arma cortante e segundo informa\u00e7\u00f5es passadas para a pol\u00edcia, o mesmo teria se envolvido em confus\u00e3o com mais seis pessoas ocorrida em uma das pra\u00e7as da cidade na noite anterior.<\/p>\n<p style=\"text-align: justify;\">Pai de duas filhas, Anderson Ezequiel mora no munic\u00edpio de Areia Branca, por\u00e9m era natural de Aracaju (SE).<\/p>\n<p style=\"text-align: justify;\">A Pol\u00edcia T\u00e9cnica do Instituto de Criminal\u00edstica esteve no local onde o corpo foi encontrado para levantar detalhes do crime e em seguida o corpo foi removido para aut\u00f3psia no Instituto M\u00e9dico Legal Dr. Augusto Leite, na capital sergipana.<\/p>\n<p style=\"text-align: justify;\"><span style=\"color: #333333;\"><em><strong>Gilson de Oliveira &#8211; Itnet<\/strong><\/em><\/span><\/p>\n","protected":false},"excerpt":{"rendered":"<p>&nbsp; Por volta das 6 horas da manh\u00e3 deste domingo, dia 03, populares encontraram o corpo de um homem nas proximidades da Pra\u00e7a da Pomba, localizada \u00e0s margens da BR-235, em Areia Branca (SE). O fato foi comunicado \u00e0 pol\u00edcia e ao chegar ao local a v\u00edtima foi identificada como Anderson Ezequiel dos Santos, 24 [&hellip;]<\/p>\n","protected":false},"author":3,"featured_media":16471,"comment_status":"closed","ping_status":"closed","sticky":false,"template":"","format":"standard","meta":{"footnotes":""},"categories":[7],"tags":[],"class_list":{"0":"post-33750","1":"post","2":"type-post","3":"status-publish","4":"format-standard","5":"has-post-thumbnail","7":"category-policia"},"_links":{"self":[{"href":"https:\/\/senoticias.com.br\/se\/wp-json\/wp\/v2\/posts\/33750"}],"collection":[{"href":"https:\/\/senoticias.com.br\/se\/wp-json\/wp\/v2\/posts"}],"about":[{"href":"https:\/\/senoticias.com.br\/se\/wp-json\/wp\/v2\/types\/post"}],"author":[{"embeddable":true,"href":"https:\/\/senoticias.com.br\/se\/wp-json\/wp\/v2\/users\/3"}],"replies":[{"embeddable":true,"href":"https:\/\/senoticias.com.br\/se\/wp-json\/wp\/v2\/comments?post=33750"}],"version-history":[{"count":0,"href":"https:\/\/senoticias.com.br\/se\/wp-json\/wp\/v2\/posts\/33750\/revisions"}],"wp:featuredmedia":[{"embeddable":true,"href":"https:\/\/senoticias.com.br\/se\/wp-json\/wp\/v2\/media\/16471"}],"wp:attachment":[{"href":"https:\/\/senoticias.com.br\/se\/wp-json\/wp\/v2\/media?parent=33750"}],"wp:term":[{"taxonomy":"category","embeddable":true,"href":"https:\/\/senoticias.com.br\/se\/wp-json\/wp\/v2\/categories?post=33750"},{"taxonomy":"post_tag","embeddable":true,"href":"https:\/\/senoticias.com.br\/se\/wp-json\/wp\/v2\/tags?post=33750"}],"curies":[{"name":"wp","href":"https:\/\/api.w.org\/{rel}","templated":true}]}}