{"id":33742,"date":"2012-06-03T06:57:40","date_gmt":"2012-06-03T09:57:40","guid":{"rendered":"http:\/\/senoticias.com.br\/se\/?p=33742"},"modified":"2012-06-03T06:57:40","modified_gmt":"2012-06-03T09:57:40","slug":"policia-militar-apreende-adolescentes-com-veiculo-furtado-em-socorro","status":"publish","type":"post","link":"https:\/\/senoticias.com.br\/se\/policia-militar-apreende-adolescentes-com-veiculo-furtado-em-socorro\/","title":{"rendered":"Pol\u00edcia Militar apreende adolescentes com ve\u00edculo furtado em Socorro"},"content":{"rendered":"<p>&nbsp;<\/p>\n<div id=\"attachment_33743\" style=\"width: 310px\" class=\"wp-caption alignleft\"><a href=\"http:\/\/senoticias.com.br\/se\/wp-content\/uploads\/2012\/06\/Moto-roubada.jpg\"><img loading=\"lazy\" decoding=\"async\" aria-describedby=\"caption-attachment-33743\" class=\"size-medium wp-image-33743\" title=\"Moto roubada\" src=\"http:\/\/senoticias.com.br\/se\/wp-content\/uploads\/2012\/06\/Moto-roubada-300x270.jpg\" alt=\"\" width=\"300\" height=\"270\" srcset=\"https:\/\/senoticias.com.br\/se\/wp-content\/uploads\/2012\/06\/Moto-roubada-300x270.jpg 300w, https:\/\/senoticias.com.br\/se\/wp-content\/uploads\/2012\/06\/Moto-roubada.jpg 320w\" sizes=\"(max-width: 300px) 100vw, 300px\" \/><\/a><p id=\"caption-attachment-33743\" class=\"wp-caption-text\">Moto recuperada pela PM em Socorro\/SE. (Foto: 1\u00aa Cia\/5\u00ba BPCom)<\/p><\/div>\n<p style=\"text-align: justify;\">A Pol\u00edcia Militar, atrav\u00e9s da 1\u00aa Companhia do 5\u00ba Batalh\u00e3o de Pol\u00edcia Comunit\u00e1ria (1\u00aa Cia\/5\u00ba BPCom), apreendeu na sexta-feira, 1\u00ba, por volta das 20h, um adolescente de 16 anos e outro de 17, em posse de uma motocicleta com restri\u00e7\u00e3o de furto.<\/p>\n<p style=\"text-align: justify;\">A a\u00e7\u00e3o aconteceu quando uma guarni\u00e7\u00e3o composta pelos soldados F\u00e1bio Santana e Fernando realizava rondas preventivas no conjunto Marcos Freire II, munic\u00edpio de Nossa Senhora do Socorro, e observou dois adolescentes em atitude suspeita conduzindo uma motocicleta de cor preta, CG Fan 125, placa IAK 0438.<\/p>\n<p style=\"text-align: justify;\">\u201cQuando eles perceberam a presen\u00e7a da viatura da PM fugiram por uma travessa, mas seguimos em persegui\u00e7\u00e3o e conseguimos apreender a dupla\u201d, destacou o soldado F\u00e1bio Santana.<\/p>\n<p style=\"text-align: justify;\">Ap\u00f3s consulta \u00e0 placa do ve\u00edculo, foi constatado que a motocicleta estava com restri\u00e7\u00e3o de furto. Com a dupla, a PM tamb\u00e9m apreendeu dois capacetes e dois aparelhos celulares. Um dos jovens j\u00e1 foi apreendido h\u00e1 alguns meses por estar conduzindo motoneta com restri\u00e7\u00e3o de roubo\/furto e estar portando arma de fogo.<\/p>\n<p style=\"text-align: justify;\">O propriet\u00e1rio da motocicleta, Edicarlos Silva Santos, teve o ve\u00edculo furtado no dia 30 de maio, por volta das 21h, na frente da pr\u00f3pria resid\u00eancia, localizada no loteamento Terra Nova, em Nossa Senhora do Socorro. O caso foi encaminhado \u00e0 Delegacia Plantonista e o ve\u00edculo acabou sendo devolvido \u00e0 v\u00edtima do furto.<\/p>\n<p style=\"text-align: justify;\">Ascom\/PM<\/p>\n","protected":false},"excerpt":{"rendered":"<p>&nbsp; A Pol\u00edcia Militar, atrav\u00e9s da 1\u00aa Companhia do 5\u00ba Batalh\u00e3o de Pol\u00edcia Comunit\u00e1ria (1\u00aa Cia\/5\u00ba BPCom), apreendeu na sexta-feira, 1\u00ba, por volta das 20h, um adolescente de 16 anos e outro de 17, em posse de uma motocicleta com restri\u00e7\u00e3o de furto. A a\u00e7\u00e3o aconteceu quando uma guarni\u00e7\u00e3o composta pelos soldados F\u00e1bio Santana e [&hellip;]<\/p>\n","protected":false},"author":3,"featured_media":33743,"comment_status":"closed","ping_status":"closed","sticky":false,"template":"","format":"standard","meta":{"footnotes":""},"categories":[7],"tags":[],"class_list":{"0":"post-33742","1":"post","2":"type-post","3":"status-publish","4":"format-standard","5":"has-post-thumbnail","7":"category-policia"},"_links":{"self":[{"href":"https:\/\/senoticias.com.br\/se\/wp-json\/wp\/v2\/posts\/33742"}],"collection":[{"href":"https:\/\/senoticias.com.br\/se\/wp-json\/wp\/v2\/posts"}],"about":[{"href":"https:\/\/senoticias.com.br\/se\/wp-json\/wp\/v2\/types\/post"}],"author":[{"embeddable":true,"href":"https:\/\/senoticias.com.br\/se\/wp-json\/wp\/v2\/users\/3"}],"replies":[{"embeddable":true,"href":"https:\/\/senoticias.com.br\/se\/wp-json\/wp\/v2\/comments?post=33742"}],"version-history":[{"count":0,"href":"https:\/\/senoticias.com.br\/se\/wp-json\/wp\/v2\/posts\/33742\/revisions"}],"wp:featuredmedia":[{"embeddable":true,"href":"https:\/\/senoticias.com.br\/se\/wp-json\/wp\/v2\/media\/33743"}],"wp:attachment":[{"href":"https:\/\/senoticias.com.br\/se\/wp-json\/wp\/v2\/media?parent=33742"}],"wp:term":[{"taxonomy":"category","embeddable":true,"href":"https:\/\/senoticias.com.br\/se\/wp-json\/wp\/v2\/categories?post=33742"},{"taxonomy":"post_tag","embeddable":true,"href":"https:\/\/senoticias.com.br\/se\/wp-json\/wp\/v2\/tags?post=33742"}],"curies":[{"name":"wp","href":"https:\/\/api.w.org\/{rel}","templated":true}]}}