{"id":33721,"date":"2012-06-02T15:43:28","date_gmt":"2012-06-02T18:43:28","guid":{"rendered":"http:\/\/senoticias.com.br\/se\/?p=33721"},"modified":"2012-06-04T07:39:13","modified_gmt":"2012-06-04T10:39:13","slug":"operacao-organizada-pelo-mpe-fecha-feira-das-trocas-em-aracaju","status":"publish","type":"post","link":"https:\/\/senoticias.com.br\/se\/operacao-organizada-pelo-mpe-fecha-feira-das-trocas-em-aracaju\/","title":{"rendered":"Opera\u00e7\u00e3o organizada pelo MPE fecha &#8216;Feira das Trocas&#8217; em Aracaju"},"content":{"rendered":"<p><em><span style=\"color: #333399;\"><strong>Do G1 SE<\/strong><\/span><\/em><\/p>\n<p><span style=\"color: #333333;\"><strong>Policiais apreenderam objetos, recolheram carros e aves.<\/strong><\/span><br \/>\n<span style=\"color: #333333;\"><strong>Destino da &#8216;Feira das Trocas&#8217; ser\u00e1 apresentado pelo MPE na pr\u00f3xima segunda.<\/strong><\/span><\/p>\n<div id=\"attachment_33722\" style=\"width: 310px\" class=\"wp-caption alignleft\"><a href=\"http:\/\/senoticias.com.br\/se\/wp-content\/uploads\/2012\/06\/feira.jpg\"><img loading=\"lazy\" decoding=\"async\" aria-describedby=\"caption-attachment-33722\" class=\"size-full wp-image-33722\" title=\"feira\" src=\"http:\/\/senoticias.com.br\/se\/wp-content\/uploads\/2012\/06\/feira.jpg\" alt=\"\" width=\"300\" height=\"250\" \/><\/a><p id=\"caption-attachment-33722\" class=\"wp-caption-text\">Objetos s\u00e3o apreendidos na Feira das Trocas (Foto: Reprodu\u00e7\u00e3o\/TV Sergipe)<\/p><\/div>\n<p style=\"text-align: justify;\">Na manh\u00e3 deste s\u00e1bado (2), uma Opera\u00e7\u00e3o organizada pelo Minist\u00e9rio P\u00fablico Estadual, em conjunto com as Pol\u00edcias Civil e Militar e Corpo de Bombeiros apreendeu diversos produtos de origem duvidosa na &#8216;Feira das Trocas&#8217;, na zona oeste de Aracaju.<\/p>\n<p style=\"text-align: justify;\">No local, os policiais encontram produtos sem nota fiscal, com\u00e9rcio sem alvar\u00e1 de funcionamento. Al\u00e9m de estruturas que n\u00e3o oferecem seguran\u00e7a, e com instala\u00e7\u00f5es el\u00e9tricas clandestinas.<\/p>\n<p style=\"text-align: justify;\">Alguns materiais foram recolhidos e carros com documenta\u00e7\u00e3o irregular foram guinchados. Tamb\u00e9m foram encontradas gaiolas com diversos p\u00e1ssaros. \u201cA pessoa pode transportar o p\u00e1ssaro, pode criar o p\u00e1ssaro desde que tenha autoriza\u00e7\u00e3o da autoridade competente. No caso aqui o Ibama. Sem essa autoriza\u00e7\u00e3o, ocorrer\u00e1 em crime. S\u00f3 que nesse caso, h\u00e1 um grande ind\u00edcio que eles est\u00e3o sendo comercializados\u201d, explicou o tenente Josenilton Alves, do pelot\u00e3o da Pol\u00edcia Ambiental.<\/p>\n<p style=\"text-align: justify;\">O objetivo da Opera\u00e7\u00e3o foi colocar fim \u00e0s negocia\u00e7\u00f5es il\u00edcitas praticadas no local. Com o fechamento de todos os pontos de venda.<\/p>\n<p style=\"text-align: justify;\">\u201cA partir de agora n\u00f3s vamos dar apoio a Emburb e a Emsurb, para que esses bares sejam fechados e os donos e propriet\u00e1rios ser\u00e3o colocados para fora. A Pol\u00edcia Militar vai garantir o poder de policia do munic\u00edpio\u201d, destacou o tenente coronel Jackson Nascimento, respons\u00e1vel pelo comando do policiamento na capital.<\/p>\n<p style=\"text-align: justify;\">O resultado da Opera\u00e7\u00e3o e os detalhes sobre o futuro da &#8216;Feira das Trocas&#8217; v\u00e3o ser apresentados na segunda-feira (4), na sede do Minist\u00e9rio P\u00fablico Estadual.<\/p>\n","protected":false},"excerpt":{"rendered":"<p>Do G1 SE Policiais apreenderam objetos, recolheram carros e aves. Destino da &#8216;Feira das Trocas&#8217; ser\u00e1 apresentado pelo MPE na pr\u00f3xima segunda. Na manh\u00e3 deste s\u00e1bado (2), uma Opera\u00e7\u00e3o organizada pelo Minist\u00e9rio P\u00fablico Estadual, em conjunto com as Pol\u00edcias Civil e Militar e Corpo de Bombeiros apreendeu diversos produtos de origem duvidosa na &#8216;Feira das [&hellip;]<\/p>\n","protected":false},"author":3,"featured_media":33722,"comment_status":"closed","ping_status":"closed","sticky":false,"template":"","format":"standard","meta":{"footnotes":""},"categories":[7],"tags":[],"class_list":{"0":"post-33721","1":"post","2":"type-post","3":"status-publish","4":"format-standard","5":"has-post-thumbnail","7":"category-policia"},"_links":{"self":[{"href":"https:\/\/senoticias.com.br\/se\/wp-json\/wp\/v2\/posts\/33721"}],"collection":[{"href":"https:\/\/senoticias.com.br\/se\/wp-json\/wp\/v2\/posts"}],"about":[{"href":"https:\/\/senoticias.com.br\/se\/wp-json\/wp\/v2\/types\/post"}],"author":[{"embeddable":true,"href":"https:\/\/senoticias.com.br\/se\/wp-json\/wp\/v2\/users\/3"}],"replies":[{"embeddable":true,"href":"https:\/\/senoticias.com.br\/se\/wp-json\/wp\/v2\/comments?post=33721"}],"version-history":[{"count":0,"href":"https:\/\/senoticias.com.br\/se\/wp-json\/wp\/v2\/posts\/33721\/revisions"}],"wp:featuredmedia":[{"embeddable":true,"href":"https:\/\/senoticias.com.br\/se\/wp-json\/wp\/v2\/media\/33722"}],"wp:attachment":[{"href":"https:\/\/senoticias.com.br\/se\/wp-json\/wp\/v2\/media?parent=33721"}],"wp:term":[{"taxonomy":"category","embeddable":true,"href":"https:\/\/senoticias.com.br\/se\/wp-json\/wp\/v2\/categories?post=33721"},{"taxonomy":"post_tag","embeddable":true,"href":"https:\/\/senoticias.com.br\/se\/wp-json\/wp\/v2\/tags?post=33721"}],"curies":[{"name":"wp","href":"https:\/\/api.w.org\/{rel}","templated":true}]}}