{"id":33702,"date":"2012-06-02T11:07:30","date_gmt":"2012-06-02T14:07:30","guid":{"rendered":"http:\/\/senoticias.com.br\/se\/?p=33702"},"modified":"2012-06-02T11:08:00","modified_gmt":"2012-06-02T14:08:00","slug":"prefeito-de-santo-amaro-assume-a-presidencia-da-ambarco","status":"publish","type":"post","link":"https:\/\/senoticias.com.br\/se\/prefeito-de-santo-amaro-assume-a-presidencia-da-ambarco\/","title":{"rendered":"Prefeito de Santo Amaro assume a presid\u00eancia da AMBARCO"},"content":{"rendered":"<div id=\"attachment_33703\" style=\"width: 156px\" class=\"wp-caption alignleft\"><a href=\"http:\/\/senoticias.com.br\/se\/wp-content\/uploads\/2012\/06\/Ivaldo-Costa.jpg\"><img loading=\"lazy\" decoding=\"async\" aria-describedby=\"caption-attachment-33703\" class=\"size-full wp-image-33703\" title=\"Ivaldo Costa\" src=\"http:\/\/senoticias.com.br\/se\/wp-content\/uploads\/2012\/06\/Ivaldo-Costa.jpg\" alt=\"\" width=\"146\" height=\"110\" srcset=\"https:\/\/senoticias.com.br\/se\/wp-content\/uploads\/2012\/06\/Ivaldo-Costa.jpg 146w, https:\/\/senoticias.com.br\/se\/wp-content\/uploads\/2012\/06\/Ivaldo-Costa-60x45.jpg 60w\" sizes=\"(max-width: 146px) 100vw, 146px\" \/><\/a><p id=\"caption-attachment-33703\" class=\"wp-caption-text\">Ivaldo Costa assume a presid\u00eancia da AMBARCO\/Reprodu\u00e7\u00e3o<\/p><\/div>\n<p style=\"text-align: justify;\">O prefeito do munic\u00edpio de Santo Amaro, Jos\u00e9 Ivaldo Costa, foi empossado como novo presidente da Associa\u00e7\u00e3o dos Munic\u00edpios da Barra do Cotinguiba e Vale do Japaratuba (Ambarco), cujo mandato se estende at\u00e9 fevereiro de 2013, quando ser\u00e1 eleita uma nova diretoria para a entidade. A indica\u00e7\u00e3o de Ivaldo Costa foi aprovada por unanimidade ap\u00f3s a ren\u00fancia do prefeito da Barra dos Coqueiros, Gilson dos Anjos (DEM), que assim como outros membros da diretoria, tiveram que se afastar em cumprimento \u00e0 legisla\u00e7\u00e3o eleitoral porque v\u00e3o disputar as elei\u00e7\u00f5es municipais em outubro pr\u00f3ximo.<\/p>\n<p style=\"text-align: justify;\">Antes de transmitir o comando da Ambarco, Gilson dos Anjos destacou a capacidade do prefeito Ivaldo Costa para gerir a entidade. \u201cA gente se emociona com os fatos. Estou renunciando ao cargo de presidente da Associa\u00e7\u00e3o em virtude da minha reelei\u00e7\u00e3o para prefeito da Barra dos Coqueiros. Fui eleito e reeleito presidente por unanimidade. Mesma emo\u00e7\u00e3o senti hoje com Ivaldo Costa, um homem correto que n\u00f3s d\u00e1 a seguran\u00e7a que a entidade est\u00e1 em boas m\u00e3os. Fiquei satisfeito e honrado por d\u00e1 posse a ele hoje\u201d, disse.<\/p>\n<p style=\"text-align: justify;\">\u201cEnfrentamos e superamos v\u00e1rios desafios, sempre com o apoio dos prefeitos. Muito me emocionou em ouvir os relatos dos gestores que acompanharam o nosso trabalho. N\u00f3s, homens p\u00fablicos, temos uma vida agitada, cheia de compromissos, e as palavras que ouvimos hoje nos d\u00e3o a certeza que fizemos bem o dever de casa. Contamos com os prefeitos sempre, inclusive quando tivemos que nos mobilizar para a cria\u00e7\u00e3o da Federa\u00e7\u00e3o dos Munic\u00edpios Sergipanos, que partiu de um entendimento entre a nossa entidade e a do Centro Sul, comandada pelo prefeito Toinho de Dorinha (PSB). Fomos vitoriosos e sa\u00edmos tranquilos porque fizemos o melhor que pudemos\u201d, completou Gilson dos Anjos.<\/p>\n<p style=\"text-align: justify;\">J\u00e1 o novo presidente da entidade, Ivaldo Costa, aproveitou a oportunidade para agradecer aos colegas prefeitos pela confian\u00e7a que lhe foi dada. \u201c\u00c9 motivo de muita honra e muita responsabilidade pode assumir essa entidade, para tentar atender a expectativa dos colegas com o nosso nome, como tamb\u00e9m manter a Associa\u00e7\u00e3o forte e vigorosa para atender intransigentemente os interesses dos prefeitos que comp\u00f5em essa associa\u00e7\u00e3o. Daremos continuidade ao trabalho do prefeito Gilson dos Anjos, a frente da entidade\u201d.<\/p>\n<p style=\"text-align: justify;\">Em seguida, Ivaldo Costa defendeu um novo pacto federativo. \u201cAqui n\u00e3o tem cor partid\u00e1ria, aqui \u00e9 uma Associa\u00e7\u00e3o de prefeitos; aqui n\u00e3o se olha a sigla partid\u00e1ria, aqui se respeita as ideologias. Nossa Associa\u00e7\u00e3o congrega 42% da popula\u00e7\u00e3o de Sergipe. Responsabilidade grande para a gente honrar e dignificar este cargo. Os prefeitos est\u00e3o sofrendo com as dificuldades, inclusive pela seca. A gente luta e torce por um novo pacto federativo, para que os prefeitos e vereadores sejam mais prestigiados. Esse pacto atual \u00e9 extremamente injusto, tendo em vista que as demandas come\u00e7am no munic\u00edpio. Os prefeitos e vereadores s\u00e3o abordados em um primeiro momento para resolver os problemas da comunidade\u201d.<\/p>\n<p style=\"text-align: justify;\"><em><strong>Da Assessoria e Imprensa<\/strong><\/em><\/p>\n","protected":false},"excerpt":{"rendered":"<p>O prefeito do munic\u00edpio de Santo Amaro, Jos\u00e9 Ivaldo Costa, foi empossado como novo presidente da Associa\u00e7\u00e3o dos Munic\u00edpios da Barra do Cotinguiba e Vale do Japaratuba (Ambarco), cujo mandato se estende at\u00e9 fevereiro de 2013, quando ser\u00e1 eleita uma nova diretoria para a entidade. A indica\u00e7\u00e3o de Ivaldo Costa foi aprovada por unanimidade ap\u00f3s [&hellip;]<\/p>\n","protected":false},"author":3,"featured_media":33703,"comment_status":"closed","ping_status":"closed","sticky":false,"template":"","format":"standard","meta":{"footnotes":""},"categories":[6],"tags":[],"class_list":{"0":"post-33702","1":"post","2":"type-post","3":"status-publish","4":"format-standard","5":"has-post-thumbnail","7":"category-politica"},"_links":{"self":[{"href":"https:\/\/senoticias.com.br\/se\/wp-json\/wp\/v2\/posts\/33702"}],"collection":[{"href":"https:\/\/senoticias.com.br\/se\/wp-json\/wp\/v2\/posts"}],"about":[{"href":"https:\/\/senoticias.com.br\/se\/wp-json\/wp\/v2\/types\/post"}],"author":[{"embeddable":true,"href":"https:\/\/senoticias.com.br\/se\/wp-json\/wp\/v2\/users\/3"}],"replies":[{"embeddable":true,"href":"https:\/\/senoticias.com.br\/se\/wp-json\/wp\/v2\/comments?post=33702"}],"version-history":[{"count":0,"href":"https:\/\/senoticias.com.br\/se\/wp-json\/wp\/v2\/posts\/33702\/revisions"}],"wp:featuredmedia":[{"embeddable":true,"href":"https:\/\/senoticias.com.br\/se\/wp-json\/wp\/v2\/media\/33703"}],"wp:attachment":[{"href":"https:\/\/senoticias.com.br\/se\/wp-json\/wp\/v2\/media?parent=33702"}],"wp:term":[{"taxonomy":"category","embeddable":true,"href":"https:\/\/senoticias.com.br\/se\/wp-json\/wp\/v2\/categories?post=33702"},{"taxonomy":"post_tag","embeddable":true,"href":"https:\/\/senoticias.com.br\/se\/wp-json\/wp\/v2\/tags?post=33702"}],"curies":[{"name":"wp","href":"https:\/\/api.w.org\/{rel}","templated":true}]}}