{"id":33695,"date":"2012-06-02T07:02:50","date_gmt":"2012-06-02T10:02:50","guid":{"rendered":"http:\/\/senoticias.com.br\/se\/?p=33695"},"modified":"2013-05-18T13:00:10","modified_gmt":"2013-05-18T16:00:10","slug":"dem-realiza-encontro-com-aliados-em-sao-cristovao-neste-sabado","status":"publish","type":"post","link":"https:\/\/senoticias.com.br\/se\/dem-realiza-encontro-com-aliados-em-sao-cristovao-neste-sabado\/","title":{"rendered":"DEM realiza encontro com aliados em S\u00e3o Crist\u00f3v\u00e3o neste s\u00e1bado"},"content":{"rendered":"<div id=\"attachment_23897\" style=\"width: 310px\" class=\"wp-caption alignleft\"><a href=\"http:\/\/senoticias.com.br\/se\/wp-content\/uploads\/2012\/02\/Carlos-Vil\u00e3o-I.jpg\"><img loading=\"lazy\" decoding=\"async\" aria-describedby=\"caption-attachment-23897\" class=\"size-medium wp-image-23897\" title=\"Carlos Vil\u00e3o I\" src=\"http:\/\/senoticias.com.br\/se\/wp-content\/uploads\/2012\/02\/Carlos-Vil\u00e3o-I-300x249.jpg\" alt=\"\" width=\"300\" height=\"249\" srcset=\"https:\/\/senoticias.com.br\/se\/wp-content\/uploads\/2012\/02\/Carlos-Vil\u00e3o-I-300x249.jpg 300w, https:\/\/senoticias.com.br\/se\/wp-content\/uploads\/2012\/02\/Carlos-Vil\u00e3o-I-342x284.jpg 342w, https:\/\/senoticias.com.br\/se\/wp-content\/uploads\/2012\/02\/Carlos-Vil\u00e3o-I.jpg 579w\" sizes=\"(max-width: 300px) 100vw, 300px\" \/><\/a><p id=\"caption-attachment-23897\" class=\"wp-caption-text\">Carlos Vil\u00e3o anfitri\u00e3o do encontro, \u00e9 pr\u00e9 candidato a prefeito de S\u00e3o Crist\u00f3v\u00e3o pelo DEM. Foto \/ SE Not\u00edcias<\/p><\/div>\n<p style=\"text-align: justify;\">O Vereador Carlos Vil\u00e3o \u00e9 o novo presidente Municipal do Democratas. A posse ser\u00e1 realizada neste s\u00e1bado (02), por volta das 16h, na C\u00e2mara de Vereadores de S\u00e3o Crist\u00f3v\u00e3o, localizada na Rua Ivo do Prado, 40 na sede da cidade de S\u00e3o Crist\u00f3v\u00e3o.<\/p>\n<p style=\"text-align: justify;\">Segundo o presidente do diret\u00f3rio municipal do DEM, Carlos Vil\u00e3o, o encontro ser\u00e1 para debater os objetivos do partido, o crescimento da sigla, sua pr\u00e9-candidatura \u00e0 prefeitura de S\u00e3o Crist\u00f3v\u00e3o e outros assuntos ligados ao movimento pol\u00edtico da cidade.<\/p>\n<p style=\"text-align: justify;\">Para o encontro em S\u00e3o Crist\u00f3v\u00e3o est\u00e3o sendo aguardadas lideran\u00e7as pol\u00edticas, Vereadores, pr\u00e9-candidatos e filiados do partido. A comitiva estadual ser\u00e1 composta por, Jo\u00e3o Alves Filho, La\u00e9rcio Oliveira, Augusto Bezerra, Ven\u00e2ncio Fonseca, Capit\u00e3o Samuel e Jos\u00e9 Carlos Machado.<\/p>\n<p style=\"text-align: justify;\">Na oportunidade, tamb\u00e9m ser\u00e1 debatido o papel do DEM nas pr\u00f3ximas elei\u00e7\u00f5es.<\/p>\n<p style=\"text-align: justify;\">Compare\u00e7a e participe!<\/p>\n","protected":false},"excerpt":{"rendered":"<p>O Vereador Carlos Vil\u00e3o \u00e9 o novo presidente Municipal do Democratas. A posse ser\u00e1 realizada neste s\u00e1bado (02), por volta das 16h, na C\u00e2mara de Vereadores de S\u00e3o Crist\u00f3v\u00e3o, localizada na Rua Ivo do Prado, 40 na sede da cidade de S\u00e3o Crist\u00f3v\u00e3o. Segundo o presidente do diret\u00f3rio municipal do DEM, Carlos Vil\u00e3o, o encontro [&hellip;]<\/p>\n","protected":false},"author":3,"featured_media":23897,"comment_status":"closed","ping_status":"closed","sticky":false,"template":"","format":"standard","meta":{"footnotes":""},"categories":[38,3],"tags":[],"class_list":{"0":"post-33695","1":"post","2":"type-post","3":"status-publish","4":"format-standard","5":"has-post-thumbnail","7":"category-municipios","8":"category-saocristovao"},"_links":{"self":[{"href":"https:\/\/senoticias.com.br\/se\/wp-json\/wp\/v2\/posts\/33695"}],"collection":[{"href":"https:\/\/senoticias.com.br\/se\/wp-json\/wp\/v2\/posts"}],"about":[{"href":"https:\/\/senoticias.com.br\/se\/wp-json\/wp\/v2\/types\/post"}],"author":[{"embeddable":true,"href":"https:\/\/senoticias.com.br\/se\/wp-json\/wp\/v2\/users\/3"}],"replies":[{"embeddable":true,"href":"https:\/\/senoticias.com.br\/se\/wp-json\/wp\/v2\/comments?post=33695"}],"version-history":[{"count":0,"href":"https:\/\/senoticias.com.br\/se\/wp-json\/wp\/v2\/posts\/33695\/revisions"}],"wp:featuredmedia":[{"embeddable":true,"href":"https:\/\/senoticias.com.br\/se\/wp-json\/wp\/v2\/media\/23897"}],"wp:attachment":[{"href":"https:\/\/senoticias.com.br\/se\/wp-json\/wp\/v2\/media?parent=33695"}],"wp:term":[{"taxonomy":"category","embeddable":true,"href":"https:\/\/senoticias.com.br\/se\/wp-json\/wp\/v2\/categories?post=33695"},{"taxonomy":"post_tag","embeddable":true,"href":"https:\/\/senoticias.com.br\/se\/wp-json\/wp\/v2\/tags?post=33695"}],"curies":[{"name":"wp","href":"https:\/\/api.w.org\/{rel}","templated":true}]}}