{"id":33691,"date":"2012-06-02T06:11:06","date_gmt":"2012-06-02T09:11:06","guid":{"rendered":"http:\/\/senoticias.com.br\/se\/?p=33691"},"modified":"2012-06-02T06:11:06","modified_gmt":"2012-06-02T09:11:06","slug":"adolescente-de-15-anos-e-assassinado-a-tiros-em-bairro-de-itabaiana","status":"publish","type":"post","link":"https:\/\/senoticias.com.br\/se\/adolescente-de-15-anos-e-assassinado-a-tiros-em-bairro-de-itabaiana\/","title":{"rendered":"Adolescente de 15 anos \u00e9 assassinado a tiros em bairro de Itabaiana"},"content":{"rendered":"<p>&nbsp;<\/p>\n<p style=\"text-align: justify;\"><a href=\"http:\/\/senoticias.com.br\/se\/wp-content\/uploads\/2012\/06\/adolescente_bairro_porto_p2.jpg\"><img loading=\"lazy\" decoding=\"async\" class=\"alignleft size-full wp-image-33692\" title=\"adolescente_bairro_porto_p2\" src=\"http:\/\/senoticias.com.br\/se\/wp-content\/uploads\/2012\/06\/adolescente_bairro_porto_p2.jpg\" alt=\"\" width=\"293\" height=\"220\" srcset=\"https:\/\/senoticias.com.br\/se\/wp-content\/uploads\/2012\/06\/adolescente_bairro_porto_p2.jpg 293w, https:\/\/senoticias.com.br\/se\/wp-content\/uploads\/2012\/06\/adolescente_bairro_porto_p2-60x45.jpg 60w, https:\/\/senoticias.com.br\/se\/wp-content\/uploads\/2012\/06\/adolescente_bairro_porto_p2-150x113.jpg 150w, https:\/\/senoticias.com.br\/se\/wp-content\/uploads\/2012\/06\/adolescente_bairro_porto_p2-269x201.jpg 269w\" sizes=\"(max-width: 293px) 100vw, 293px\" \/><\/a>Natural de Itabaiana (SE) e com apenas 15 anos de idade, o adolescente Lucas Carvalho de Oliveira Santos foi morto a tiros por volta das 20h20 de sexta-feira, dia 1.\u00ba, na Rua S\u00e3o Domingos, nos fundos da Cl\u00ednica de Sa\u00fade da Fam\u00edlia, no bairro Porto, em Itabaiana.<\/p>\n<p style=\"text-align: justify;\">O jovem conduzia uma motocicleta Yamaha, modelo Factor, com placa ECR 5828\/SP, licenciada em Peruibe, quando foi alvejado por disparos de arma de fogo e caiu em um terreno baldio ao tentar, provavelmente, fugir do criminoso.<\/p>\n<p style=\"text-align: justify;\">O Servi\u00e7o de Atendimento M\u00f3vel de Urg\u00eancia (SAMU) foi acionado e ao chegar ao local os socorristas constataram que o mesmo j\u00e1 estava em \u00f3bito.<\/p>\n<p style=\"text-align: justify;\">O menor estava morando sozinho no bairro S\u00e3o Jo\u00e3o, uma vez que os pais eram separados e a m\u00e3e residia no povoado Oiteiro do Campim, tamb\u00e9m no munic\u00edpio de Itabaiana. J\u00e1 o pai morava na cidade, mas quem cuidava do adolescente era uma tia.<\/p>\n<p style=\"text-align: justify;\">Segundo informa\u00e7\u00f5es passadas por parentes \u00e0 pol\u00edcia, o jovem negociava com produtos do Paraguai, que comprava em Aracaju, e n\u00e3o tinha nenhum v\u00edcio e nem passagem pela pol\u00edcia.<\/p>\n<p style=\"text-align: justify;\">Outra informa\u00e7\u00e3o dos familiares, \u00e9 que o adolescente estava em casa quando recebeu um telefonema e saiu logo em seguida dizendo que iria entregar um cd, deixando inclusive uma prima e um amigo \u00e0 sua espera.<\/p>\n<p style=\"text-align: justify;\">Lucas Carvalho de Oliveira Santos completaria 16 anos no pr\u00f3ximo dia 12 de agosto.<\/p>\n<p style=\"text-align: justify;\"><em><strong>Gilson de Oliveira &#8211; Itnet<\/strong><\/em><\/p>\n","protected":false},"excerpt":{"rendered":"<p>&nbsp; Natural de Itabaiana (SE) e com apenas 15 anos de idade, o adolescente Lucas Carvalho de Oliveira Santos foi morto a tiros por volta das 20h20 de sexta-feira, dia 1.\u00ba, na Rua S\u00e3o Domingos, nos fundos da Cl\u00ednica de Sa\u00fade da Fam\u00edlia, no bairro Porto, em Itabaiana. O jovem conduzia uma motocicleta Yamaha, modelo [&hellip;]<\/p>\n","protected":false},"author":3,"featured_media":33692,"comment_status":"closed","ping_status":"closed","sticky":false,"template":"","format":"standard","meta":{"footnotes":""},"categories":[7],"tags":[],"class_list":{"0":"post-33691","1":"post","2":"type-post","3":"status-publish","4":"format-standard","5":"has-post-thumbnail","7":"category-policia"},"_links":{"self":[{"href":"https:\/\/senoticias.com.br\/se\/wp-json\/wp\/v2\/posts\/33691"}],"collection":[{"href":"https:\/\/senoticias.com.br\/se\/wp-json\/wp\/v2\/posts"}],"about":[{"href":"https:\/\/senoticias.com.br\/se\/wp-json\/wp\/v2\/types\/post"}],"author":[{"embeddable":true,"href":"https:\/\/senoticias.com.br\/se\/wp-json\/wp\/v2\/users\/3"}],"replies":[{"embeddable":true,"href":"https:\/\/senoticias.com.br\/se\/wp-json\/wp\/v2\/comments?post=33691"}],"version-history":[{"count":0,"href":"https:\/\/senoticias.com.br\/se\/wp-json\/wp\/v2\/posts\/33691\/revisions"}],"wp:featuredmedia":[{"embeddable":true,"href":"https:\/\/senoticias.com.br\/se\/wp-json\/wp\/v2\/media\/33692"}],"wp:attachment":[{"href":"https:\/\/senoticias.com.br\/se\/wp-json\/wp\/v2\/media?parent=33691"}],"wp:term":[{"taxonomy":"category","embeddable":true,"href":"https:\/\/senoticias.com.br\/se\/wp-json\/wp\/v2\/categories?post=33691"},{"taxonomy":"post_tag","embeddable":true,"href":"https:\/\/senoticias.com.br\/se\/wp-json\/wp\/v2\/tags?post=33691"}],"curies":[{"name":"wp","href":"https:\/\/api.w.org\/{rel}","templated":true}]}}