{"id":33683,"date":"2012-06-01T22:25:01","date_gmt":"2012-06-02T01:25:01","guid":{"rendered":"http:\/\/senoticias.com.br\/se\/?p=33683"},"modified":"2012-06-03T16:43:58","modified_gmt":"2012-06-03T19:43:58","slug":"jackson-destaca-programa-de-regularizacao-fundiaria-do-governo","status":"publish","type":"post","link":"https:\/\/senoticias.com.br\/se\/jackson-destaca-programa-de-regularizacao-fundiaria-do-governo\/","title":{"rendered":"Jackson destaca programa de regulariza\u00e7\u00e3o fundi\u00e1ria do governo"},"content":{"rendered":"<p>&nbsp;<\/p>\n<div id=\"attachment_33684\" style=\"width: 310px\" class=\"wp-caption alignleft\"><a href=\"http:\/\/senoticias.com.br\/se\/wp-content\/uploads\/2012\/06\/Lanc_Reg_Fun-02-1.jpg\"><img loading=\"lazy\" decoding=\"async\" aria-describedby=\"caption-attachment-33684\" class=\"size-medium wp-image-33684\" title=\"Lanc_Reg_Fun 02 (1)\" src=\"http:\/\/senoticias.com.br\/se\/wp-content\/uploads\/2012\/06\/Lanc_Reg_Fun-02-1-300x225.jpg\" alt=\"\" width=\"300\" height=\"225\" srcset=\"https:\/\/senoticias.com.br\/se\/wp-content\/uploads\/2012\/06\/Lanc_Reg_Fun-02-1-300x225.jpg 300w, https:\/\/senoticias.com.br\/se\/wp-content\/uploads\/2012\/06\/Lanc_Reg_Fun-02-1-342x256.jpg 342w, https:\/\/senoticias.com.br\/se\/wp-content\/uploads\/2012\/06\/Lanc_Reg_Fun-02-1-60x45.jpg 60w, https:\/\/senoticias.com.br\/se\/wp-content\/uploads\/2012\/06\/Lanc_Reg_Fun-02-1-150x113.jpg 150w, https:\/\/senoticias.com.br\/se\/wp-content\/uploads\/2012\/06\/Lanc_Reg_Fun-02-1-269x201.jpg 269w, https:\/\/senoticias.com.br\/se\/wp-content\/uploads\/2012\/06\/Lanc_Reg_Fun-02-1.jpg 704w\" sizes=\"(max-width: 300px) 100vw, 300px\" \/><\/a><p id=\"caption-attachment-33684\" class=\"wp-caption-text\">Jackson destaca programa de regulariza\u00e7\u00e3o fundi\u00e1ria do governo \/ Ascom<\/p><\/div>\n<p style=\"text-align: justify;\">Um processo de reforma agr\u00e1ria de baixo custo, nem a necessidade de efetuar desapropria\u00e7\u00f5es. Foi assim que o vice-governador definiu hoje (01\/06) o Programa de Regulariza\u00e7\u00e3o Fundi\u00e1ria do governo, que foi lan\u00e7ado na \u00faltima quinta-feira. A previs\u00e3o da Empresa de Desenvolvimento Agropecu\u00e1rio de Sergipe (Emdagro) \u00e9 de que a princ\u00edpio 11 mil agricultores de 13 munic\u00edpios sergipanos sejam beneficiados atrav\u00e9s de um conv\u00eanio estabelecido com o Minist\u00e9rio do Desenvolvimento Agr\u00e1rio (MDA), no valor de R$ 7,3 milh\u00f5es<\/p>\n<p style=\"text-align: justify;\">A solenidade foi presidida pelo vice-governador e contou com a presen\u00e7a de prefeitos, sindicatos, MST e representantes da Emdagro e. MDA. \u201cConseguir estabelecer este conv\u00eanio foi muito bom, porque uma a\u00e7\u00e3o como esta protege e d\u00e1 seguran\u00e7a jur\u00eddica aos agricultores familiares e a seus herdeiros. Muitos n\u00e3o possuem o t\u00edtulo de propriedade e quando morrem seus filhos correm risco de ficar sem a terra, pois esses agricultores possuem a posse de fato, mas n\u00e3o de Direito. Muitos inclusive est\u00e3o em \u00e1reas p\u00fablicas\u201d, disse Jackson.<\/p>\n<p style=\"text-align: justify;\">Empolgado com o impacto social do programa, Jackson Barreto explicou que muitos pequenos agricultores sergipanos ocupam suas terras h\u00e1 tempos, sem que tenham sua situa\u00e7\u00e3o regularizada. Assim, essas pessoas n\u00e3o possuem acesso ao cr\u00e9dito rural, a assist\u00eancia t\u00e9cnica do governo, e al\u00e9m de tudo, n\u00e3o conseguem comprovar junto ao INSS que s\u00e3o trabalhadores rurais.<\/p>\n<p style=\"text-align: justify;\">\u201cMinha presen\u00e7a na solenidade n\u00e3o foi apenas como vice-governador, mas a do cidad\u00e3o que sempre teve consci\u00eancia da import\u00e2ncia da agricultura. E os sonhos de ontem permanecem hoje e continuar\u00e3o amanh\u00e3. Sempre achei que um pa\u00eds, para ser soberano, justo e sem pobreza, precisa investir na terra, na agricultura familiar e na reforma agr\u00e1ria, por isso este programa \u00e9 t\u00e3o importante\u201d, falou Jackson.<\/p>\n<p style=\"text-align: justify;\">A avalia\u00e7\u00e3o da Emdagro \u00e9 de que os R$ 7,3 milh\u00f5es podem regularizar onze mil posses. S\u00f3 que com o in\u00edcio dos trabalhos \u00e9 comum que sejam descobertos novos casos de posseiros. Em Sim\u00e3o Dias por exemplo, a equipe t\u00e9cnica da Emdagro trabalhava com a perspectiva de regularizar 2.400 propriedades, mas j\u00e1 cadastrou quase sete mil posseiros. \u201cA previs\u00e3o de beneficiar 11 mil pessoas na primeira etapa pode se multiplicar para vinte mil\u201d, concluiu JB.<\/p>\n<p style=\"text-align: justify;\"><em><strong>Da Assessoria de Imprensa<\/strong><\/em><\/p>\n","protected":false},"excerpt":{"rendered":"<p>&nbsp; Um processo de reforma agr\u00e1ria de baixo custo, nem a necessidade de efetuar desapropria\u00e7\u00f5es. Foi assim que o vice-governador definiu hoje (01\/06) o Programa de Regulariza\u00e7\u00e3o Fundi\u00e1ria do governo, que foi lan\u00e7ado na \u00faltima quinta-feira. A previs\u00e3o da Empresa de Desenvolvimento Agropecu\u00e1rio de Sergipe (Emdagro) \u00e9 de que a princ\u00edpio 11 mil agricultores de [&hellip;]<\/p>\n","protected":false},"author":3,"featured_media":33684,"comment_status":"closed","ping_status":"closed","sticky":false,"template":"","format":"standard","meta":{"footnotes":""},"categories":[6],"tags":[],"class_list":{"0":"post-33683","1":"post","2":"type-post","3":"status-publish","4":"format-standard","5":"has-post-thumbnail","7":"category-politica"},"_links":{"self":[{"href":"https:\/\/senoticias.com.br\/se\/wp-json\/wp\/v2\/posts\/33683"}],"collection":[{"href":"https:\/\/senoticias.com.br\/se\/wp-json\/wp\/v2\/posts"}],"about":[{"href":"https:\/\/senoticias.com.br\/se\/wp-json\/wp\/v2\/types\/post"}],"author":[{"embeddable":true,"href":"https:\/\/senoticias.com.br\/se\/wp-json\/wp\/v2\/users\/3"}],"replies":[{"embeddable":true,"href":"https:\/\/senoticias.com.br\/se\/wp-json\/wp\/v2\/comments?post=33683"}],"version-history":[{"count":0,"href":"https:\/\/senoticias.com.br\/se\/wp-json\/wp\/v2\/posts\/33683\/revisions"}],"wp:featuredmedia":[{"embeddable":true,"href":"https:\/\/senoticias.com.br\/se\/wp-json\/wp\/v2\/media\/33684"}],"wp:attachment":[{"href":"https:\/\/senoticias.com.br\/se\/wp-json\/wp\/v2\/media?parent=33683"}],"wp:term":[{"taxonomy":"category","embeddable":true,"href":"https:\/\/senoticias.com.br\/se\/wp-json\/wp\/v2\/categories?post=33683"},{"taxonomy":"post_tag","embeddable":true,"href":"https:\/\/senoticias.com.br\/se\/wp-json\/wp\/v2\/tags?post=33683"}],"curies":[{"name":"wp","href":"https:\/\/api.w.org\/{rel}","templated":true}]}}