{"id":33675,"date":"2012-06-01T18:51:52","date_gmt":"2012-06-01T21:51:52","guid":{"rendered":"http:\/\/senoticias.com.br\/se\/?p=33675"},"modified":"2012-06-01T18:51:52","modified_gmt":"2012-06-01T21:51:52","slug":"prefeita-de-japaratuba-e-alvo-de-acao-de-improbidade-administrativa","status":"publish","type":"post","link":"https:\/\/senoticias.com.br\/se\/prefeita-de-japaratuba-e-alvo-de-acao-de-improbidade-administrativa\/","title":{"rendered":"Prefeita de Japaratuba \u00e9 alvo de A\u00e7\u00e3o de Improbidade Administrativa"},"content":{"rendered":"<p>&nbsp;<\/p>\n<div id=\"attachment_5536\" style=\"width: 286px\" class=\"wp-caption alignleft\"><a href=\"http:\/\/senoticias.com.br\/se\/wp-content\/uploads\/2011\/04\/Lara-Moura.jpg\"><img loading=\"lazy\" decoding=\"async\" aria-describedby=\"caption-attachment-5536\" class=\"size-full wp-image-5536\" title=\"Lara Moura\" src=\"http:\/\/senoticias.com.br\/se\/wp-content\/uploads\/2011\/04\/Lara-Moura.jpg\" alt=\"\" width=\"276\" height=\"183\" \/><\/a><p id=\"caption-attachment-5536\" class=\"wp-caption-text\">Prefeita Lara Moura sofre segunda a\u00e7\u00e3o de improbidade administrativa (Foto: Reprodu\u00e7\u00e3o)<\/p><\/div>\n<p style=\"text-align: justify;\">O Minist\u00e9rio P\u00fablico de Sergipe, atrav\u00e9s da Promotoria de Justi\u00e7a de Japaratuba, ajuizou a\u00e7\u00e3o de improbidade administrativa contra a prefeita Lara Adriana Veiga Barreto Ferreira <strong>(Lara Moura<\/strong>), por suposta viola\u00e7\u00e3o ao princ\u00edpio administrativo da impessoalidade.<\/p>\n<p style=\"text-align: justify;\">Consta dos autos da ACP que a citada gestora fez uso do informativo oficial da Prefeitura Municipal de Japaratuba intitulado <strong>Jornal \u201cO Japaratubense\u201d,<\/strong> para se autopromover. A Prefeita exp\u00f4s fotografias, slogan e logomarcas enaltecendo sua administra\u00e7\u00e3o, configurando, nitidamente, promo\u00e7\u00e3o pessoal.<\/p>\n<p style=\"text-align: justify;\">Vale ressaltar que a referida Prefeita, mesmo ap\u00f3s ter ci\u00eancia da Recomenda\u00e7\u00e3o ministerial n\u00ba 02\/2012, mais uma vez, de forma escandalosa, desrespeitou o princ\u00edpio da impessoalidade ao lan\u00e7ar, com recursos p\u00fablicos, o \u201cCampeonato Japaratubense de Futebol de Campo Amador Prefeita Lara Moura\u201d, com ampla divulga\u00e7\u00e3o na imprensa e not\u00f3ria repercuss\u00e3o pol\u00edtica.<\/p>\n<p style=\"text-align: justify;\">O Promotor de Justi\u00e7a Dr. Paulo Jos\u00e9 Francisco Alves Filho ao deflagrar a <strong>segunda a\u00e7\u00e3o de improbidade administrativa<\/strong>, contra a citada gestora municipal, comentou: \u201clamento a falta de respeito de determinados gestores p\u00fablicos com as regras b\u00e1sicas da nossa Constitui\u00e7\u00e3o da Rep\u00fablica\u201d. Dr. Paulo Jos\u00e9 informou, ainda, que diversos procedimentos tramitam na Promotoria de Japaratuba, com o intuito de apurar eventuais irregularidades em setores da prefeitura municipal local. \u201cPor tais motivos, <strong>n\u00e3o podemos descartar a possibilidade de pedir o afastamento cautelar da Prefeita Lara Adriana Veiga Barreto\u201d, finalizou.<\/strong><\/p>\n<p><span style=\"color: #666699;\"><em><strong>M\u00f4nica Ribeiro<\/strong><\/em><\/span><br \/>\n<span style=\"color: #666699;\"><em><strong>Assessora de Imprensa MP\/SE<\/strong><\/em><\/span><\/p>\n","protected":false},"excerpt":{"rendered":"<p>&nbsp; O Minist\u00e9rio P\u00fablico de Sergipe, atrav\u00e9s da Promotoria de Justi\u00e7a de Japaratuba, ajuizou a\u00e7\u00e3o de improbidade administrativa contra a prefeita Lara Adriana Veiga Barreto Ferreira (Lara Moura), por suposta viola\u00e7\u00e3o ao princ\u00edpio administrativo da impessoalidade. Consta dos autos da ACP que a citada gestora fez uso do informativo oficial da Prefeitura Municipal de Japaratuba [&hellip;]<\/p>\n","protected":false},"author":3,"featured_media":5536,"comment_status":"closed","ping_status":"closed","sticky":false,"template":"","format":"standard","meta":{"footnotes":""},"categories":[6],"tags":[],"class_list":{"0":"post-33675","1":"post","2":"type-post","3":"status-publish","4":"format-standard","5":"has-post-thumbnail","7":"category-politica"},"_links":{"self":[{"href":"https:\/\/senoticias.com.br\/se\/wp-json\/wp\/v2\/posts\/33675"}],"collection":[{"href":"https:\/\/senoticias.com.br\/se\/wp-json\/wp\/v2\/posts"}],"about":[{"href":"https:\/\/senoticias.com.br\/se\/wp-json\/wp\/v2\/types\/post"}],"author":[{"embeddable":true,"href":"https:\/\/senoticias.com.br\/se\/wp-json\/wp\/v2\/users\/3"}],"replies":[{"embeddable":true,"href":"https:\/\/senoticias.com.br\/se\/wp-json\/wp\/v2\/comments?post=33675"}],"version-history":[{"count":0,"href":"https:\/\/senoticias.com.br\/se\/wp-json\/wp\/v2\/posts\/33675\/revisions"}],"wp:featuredmedia":[{"embeddable":true,"href":"https:\/\/senoticias.com.br\/se\/wp-json\/wp\/v2\/media\/5536"}],"wp:attachment":[{"href":"https:\/\/senoticias.com.br\/se\/wp-json\/wp\/v2\/media?parent=33675"}],"wp:term":[{"taxonomy":"category","embeddable":true,"href":"https:\/\/senoticias.com.br\/se\/wp-json\/wp\/v2\/categories?post=33675"},{"taxonomy":"post_tag","embeddable":true,"href":"https:\/\/senoticias.com.br\/se\/wp-json\/wp\/v2\/tags?post=33675"}],"curies":[{"name":"wp","href":"https:\/\/api.w.org\/{rel}","templated":true}]}}