{"id":33665,"date":"2012-06-01T17:45:23","date_gmt":"2012-06-01T20:45:23","guid":{"rendered":"http:\/\/senoticias.com.br\/se\/?p=33665"},"modified":"2012-06-01T17:45:48","modified_gmt":"2012-06-01T20:45:48","slug":"workshop-busca-qualificar-profissionais-do-setor-de-beleza","status":"publish","type":"post","link":"https:\/\/senoticias.com.br\/se\/workshop-busca-qualificar-profissionais-do-setor-de-beleza\/","title":{"rendered":"Workshop busca qualificar profissionais do setor de beleza"},"content":{"rendered":"<div id=\"attachment_33666\" style=\"width: 276px\" class=\"wp-caption alignleft\"><a href=\"http:\/\/senoticias.com.br\/se\/wp-content\/uploads\/2012\/06\/11.jpg\"><img loading=\"lazy\" decoding=\"async\" aria-describedby=\"caption-attachment-33666\" class=\"size-medium wp-image-33666\" title=\"11\" src=\"http:\/\/senoticias.com.br\/se\/wp-content\/uploads\/2012\/06\/11-266x300.jpg\" alt=\"\" width=\"266\" height=\"300\" srcset=\"https:\/\/senoticias.com.br\/se\/wp-content\/uploads\/2012\/06\/11-266x300.jpg 266w, https:\/\/senoticias.com.br\/se\/wp-content\/uploads\/2012\/06\/11-342x384.jpg 342w, https:\/\/senoticias.com.br\/se\/wp-content\/uploads\/2012\/06\/11-300x337.jpg 300w, https:\/\/senoticias.com.br\/se\/wp-content\/uploads\/2012\/06\/11.jpg 711w\" sizes=\"(max-width: 266px) 100vw, 266px\" \/><\/a><p id=\"caption-attachment-33666\" class=\"wp-caption-text\">Workshop busca qualificar profissionais do setor de beleza.(Foto: Alfredo Moreira)<\/p><\/div>\n<p style=\"text-align: justify;\">Nesta segunda-feira, 4, propriet\u00e1rios de sal\u00f5es de beleza e centros de est\u00e9tica da Grande Aracaju estar\u00e3o reunidos para discutir diversos temas relacionados \u00e0 atividade. O evento, denominado Workshop da Beleza e Est\u00e9tica\u2019, ser\u00e1 promovido a partir das 8h30, na sede do Sebrae, localizada na Avenida Tancredo Neves, 5500.<\/p>\n<p style=\"text-align: justify;\">Durante o encontro, ser\u00e3o promovidas palestras sobre \u2018Empreendedor Individual\u2019, \u2018A import\u00e2ncia da drenagem e cosm\u00e9ticos na preven\u00e7\u00e3o da celulite\u2019, \u2018Biosseguran\u00e7a\u2019, \u2018Rela\u00e7\u00f5es de trabalho nos centros de beleza\u2019, \u2018Envelhecimento cut\u00e2neo\u2019, \u2018Cuidados para manter a pele saud\u00e1vel\u2019 e \u2018Tricologia \u2013 um estudo profundo do cabelo\u2019. A programa\u00e7\u00e3o conta ainda com uma exposi\u00e7\u00e3o de produtos e equipamentos voltados aos profissionais.<\/p>\n<p style=\"text-align: justify;\">As inscri\u00e7\u00f5es, limitadas a 130 pessoas, ser\u00e3o realizadas gratuitamente no pr\u00f3prio local, 30 minutos antes do in\u00edcio das atividades. Para mais informa\u00e7\u00f5es basta ao interessado entrar em contato com a Unidade de Com\u00e9rcio e Servi\u00e7os do Sebrae por meio do telefone (79) 2106-7729.<\/p>\n<p style=\"text-align: justify;\">O workshop \u00e9 mais uma a\u00e7\u00e3o do Projeto Beleza e Est\u00e9tica da Grande Aracaju desenvolvido pelo Sebrae. A iniciativa busca o fortalecimento do setor mediante o incentivo ao associativismo e \u00e0 melhoria nas pr\u00e1ticas de gest\u00e3o, al\u00e9m de garantir a oferta de in\u00fameras capacita\u00e7\u00f5es para elevar a qualidade dos servi\u00e7os oferecidos pelos estabelecimentos. Tamb\u00e9m apoiam a realiza\u00e7\u00e3o do evento o Sindicato dos Cabelereiros e Similares aut\u00f4nomos de Sergipe (Sindicab) e o Senac.<\/p>\n<p style=\"text-align: justify;\"><span style=\"color: #333333;\"><em><strong>Unidade de Comunica\u00e7\u00e3o e Marketing Sebrae\/SE<\/strong><\/em><\/span><\/p>\n","protected":false},"excerpt":{"rendered":"<p>Nesta segunda-feira, 4, propriet\u00e1rios de sal\u00f5es de beleza e centros de est\u00e9tica da Grande Aracaju estar\u00e3o reunidos para discutir diversos temas relacionados \u00e0 atividade. O evento, denominado Workshop da Beleza e Est\u00e9tica\u2019, ser\u00e1 promovido a partir das 8h30, na sede do Sebrae, localizada na Avenida Tancredo Neves, 5500. Durante o encontro, ser\u00e3o promovidas palestras sobre [&hellip;]<\/p>\n","protected":false},"author":3,"featured_media":33666,"comment_status":"closed","ping_status":"closed","sticky":false,"template":"","format":"standard","meta":{"footnotes":""},"categories":[38],"tags":[],"class_list":{"0":"post-33665","1":"post","2":"type-post","3":"status-publish","4":"format-standard","5":"has-post-thumbnail","7":"category-municipios"},"_links":{"self":[{"href":"https:\/\/senoticias.com.br\/se\/wp-json\/wp\/v2\/posts\/33665"}],"collection":[{"href":"https:\/\/senoticias.com.br\/se\/wp-json\/wp\/v2\/posts"}],"about":[{"href":"https:\/\/senoticias.com.br\/se\/wp-json\/wp\/v2\/types\/post"}],"author":[{"embeddable":true,"href":"https:\/\/senoticias.com.br\/se\/wp-json\/wp\/v2\/users\/3"}],"replies":[{"embeddable":true,"href":"https:\/\/senoticias.com.br\/se\/wp-json\/wp\/v2\/comments?post=33665"}],"version-history":[{"count":0,"href":"https:\/\/senoticias.com.br\/se\/wp-json\/wp\/v2\/posts\/33665\/revisions"}],"wp:featuredmedia":[{"embeddable":true,"href":"https:\/\/senoticias.com.br\/se\/wp-json\/wp\/v2\/media\/33666"}],"wp:attachment":[{"href":"https:\/\/senoticias.com.br\/se\/wp-json\/wp\/v2\/media?parent=33665"}],"wp:term":[{"taxonomy":"category","embeddable":true,"href":"https:\/\/senoticias.com.br\/se\/wp-json\/wp\/v2\/categories?post=33665"},{"taxonomy":"post_tag","embeddable":true,"href":"https:\/\/senoticias.com.br\/se\/wp-json\/wp\/v2\/tags?post=33665"}],"curies":[{"name":"wp","href":"https:\/\/api.w.org\/{rel}","templated":true}]}}