{"id":33524,"date":"2012-05-30T16:35:10","date_gmt":"2012-05-30T19:35:10","guid":{"rendered":"http:\/\/senoticias.com.br\/se\/?p=33524"},"modified":"2012-06-01T14:50:29","modified_gmt":"2012-06-01T17:50:29","slug":"prefeito-segura-reporter-pelo-pescoco-em-mato-grosso-assista","status":"publish","type":"post","link":"https:\/\/senoticias.com.br\/se\/prefeito-segura-reporter-pelo-pescoco-em-mato-grosso-assista\/","title":{"rendered":"Prefeito segura rep\u00f3rter pelo pesco\u00e7o; assista"},"content":{"rendered":"<div id=\"attachment_33527\" style=\"width: 310px\" class=\"wp-caption alignleft\"><a href=\"http:\/\/senoticias.com.br\/se\/wp-content\/uploads\/2012\/05\/1338380876769-reporter-agredida.jpg\"><img loading=\"lazy\" decoding=\"async\" aria-describedby=\"caption-attachment-33527\" class=\"size-medium wp-image-33527\" title=\"1338380876769-reporter-agredida\" src=\"http:\/\/senoticias.com.br\/se\/wp-content\/uploads\/2012\/05\/1338380876769-reporter-agredida-300x216.jpg\" alt=\"\" width=\"300\" height=\"216\" srcset=\"https:\/\/senoticias.com.br\/se\/wp-content\/uploads\/2012\/05\/1338380876769-reporter-agredida-300x216.jpg 300w, https:\/\/senoticias.com.br\/se\/wp-content\/uploads\/2012\/05\/1338380876769-reporter-agredida-342x246.jpg 342w, https:\/\/senoticias.com.br\/se\/wp-content\/uploads\/2012\/05\/1338380876769-reporter-agredida-90x65.jpg 90w, https:\/\/senoticias.com.br\/se\/wp-content\/uploads\/2012\/05\/1338380876769-reporter-agredida.jpg 500w\" sizes=\"(max-width: 300px) 100vw, 300px\" \/><\/a><p id=\"caption-attachment-33527\" class=\"wp-caption-text\">Prefeito segura rep\u00f3rter pelo pesco\u00e7o \/ Reprodu\u00e7\u00e3o<\/p><\/div>\n<p style=\"text-align: justify;\">O prefeito de Barra do Bugres, Wilson Francelino (PSD), segurou pelo pesco\u00e7o uma rep\u00f3rter de TV que tentava entrevist\u00e1-lo.<\/p>\n<p style=\"text-align: justify;\">As imagens do epis\u00f3dio foram registradas durante um evento esportivo promovido pelo munic\u00edpio do Mato Grosso e j\u00e1 teve mais de 15 mil acessos.<\/p>\n<p style=\"text-align: justify;\">A agress\u00e3o foi cometida contra a rep\u00f3rter Elissa Neves, da TV Independ\u00eancia (afiliada da Rede Record).<\/p>\n<p style=\"text-align: justify;\">O v\u00eddeo mostra quando o prefeito pressiona o pesco\u00e7o da jornalista, enquanto fala ao seu ouvido.<\/p>\n<p>http:\/\/youtu.be\/C2D0x2FO_Yw<\/p>\n<p><span style=\"color: #333333;\"><em><strong>Folha Online<\/strong><\/em><\/span><\/p>\n","protected":false},"excerpt":{"rendered":"<p>O prefeito de Barra do Bugres, Wilson Francelino (PSD), segurou pelo pesco\u00e7o uma rep\u00f3rter de TV que tentava entrevist\u00e1-lo. As imagens do epis\u00f3dio foram registradas durante um evento esportivo promovido pelo munic\u00edpio do Mato Grosso e j\u00e1 teve mais de 15 mil acessos. A agress\u00e3o foi cometida contra a rep\u00f3rter Elissa Neves, da TV Independ\u00eancia [&hellip;]<\/p>\n","protected":false},"author":3,"featured_media":33527,"comment_status":"closed","ping_status":"closed","sticky":false,"template":"","format":"standard","meta":{"footnotes":""},"categories":[6],"tags":[],"class_list":{"0":"post-33524","1":"post","2":"type-post","3":"status-publish","4":"format-standard","5":"has-post-thumbnail","7":"category-politica"},"_links":{"self":[{"href":"https:\/\/senoticias.com.br\/se\/wp-json\/wp\/v2\/posts\/33524"}],"collection":[{"href":"https:\/\/senoticias.com.br\/se\/wp-json\/wp\/v2\/posts"}],"about":[{"href":"https:\/\/senoticias.com.br\/se\/wp-json\/wp\/v2\/types\/post"}],"author":[{"embeddable":true,"href":"https:\/\/senoticias.com.br\/se\/wp-json\/wp\/v2\/users\/3"}],"replies":[{"embeddable":true,"href":"https:\/\/senoticias.com.br\/se\/wp-json\/wp\/v2\/comments?post=33524"}],"version-history":[{"count":0,"href":"https:\/\/senoticias.com.br\/se\/wp-json\/wp\/v2\/posts\/33524\/revisions"}],"wp:featuredmedia":[{"embeddable":true,"href":"https:\/\/senoticias.com.br\/se\/wp-json\/wp\/v2\/media\/33527"}],"wp:attachment":[{"href":"https:\/\/senoticias.com.br\/se\/wp-json\/wp\/v2\/media?parent=33524"}],"wp:term":[{"taxonomy":"category","embeddable":true,"href":"https:\/\/senoticias.com.br\/se\/wp-json\/wp\/v2\/categories?post=33524"},{"taxonomy":"post_tag","embeddable":true,"href":"https:\/\/senoticias.com.br\/se\/wp-json\/wp\/v2\/tags?post=33524"}],"curies":[{"name":"wp","href":"https:\/\/api.w.org\/{rel}","templated":true}]}}