{"id":33516,"date":"2012-05-30T15:40:37","date_gmt":"2012-05-30T18:40:37","guid":{"rendered":"http:\/\/senoticias.com.br\/se\/?p=33516"},"modified":"2012-05-31T06:28:19","modified_gmt":"2012-05-31T09:28:19","slug":"mpfse-justica-obriga-correios-a-realizar-obras-de-acessibilidade","status":"publish","type":"post","link":"https:\/\/senoticias.com.br\/se\/mpfse-justica-obriga-correios-a-realizar-obras-de-acessibilidade\/","title":{"rendered":"MPF\/SE: Justi\u00e7a obriga Correios a realizar obras de acessibilidade"},"content":{"rendered":"<p><em><strong>As ag\u00eancias dever\u00e3o ser reformadas no prazo de 180 dias<\/strong><\/em><\/p>\n<div id=\"attachment_10345\" style=\"width: 190px\" class=\"wp-caption alignleft\"><a href=\"http:\/\/senoticias.com.br\/se\/wp-content\/uploads\/2011\/07\/Correios-34099.jpg\"><img loading=\"lazy\" decoding=\"async\" aria-describedby=\"caption-attachment-10345\" class=\"size-full wp-image-10345\" title=\"Correios-34099\" src=\"http:\/\/senoticias.com.br\/se\/wp-content\/uploads\/2011\/07\/Correios-34099.jpg\" alt=\"\" width=\"180\" height=\"180\" srcset=\"https:\/\/senoticias.com.br\/se\/wp-content\/uploads\/2011\/07\/Correios-34099.jpg 180w, https:\/\/senoticias.com.br\/se\/wp-content\/uploads\/2011\/07\/Correios-34099-150x150.jpg 150w, https:\/\/senoticias.com.br\/se\/wp-content\/uploads\/2011\/07\/Correios-34099-50x50.jpg 50w, https:\/\/senoticias.com.br\/se\/wp-content\/uploads\/2011\/07\/Correios-34099-70x70.jpg 70w, https:\/\/senoticias.com.br\/se\/wp-content\/uploads\/2011\/07\/Correios-34099-55x55.jpg 55w\" sizes=\"(max-width: 180px) 100vw, 180px\" \/><\/a><p id=\"caption-attachment-10345\" class=\"wp-caption-text\">(Foto: Ilustrativa)<\/p><\/div>\n<p style=\"text-align: justify;\">A Justi\u00e7a Federal (JF) acatou o pedido do Minist\u00e9rio P\u00fablico Federal em Sergipe (MPF\/SE) e concedeu uma liminar que determina que os Correios ofere\u00e7am condi\u00e7\u00f5es de acessibilidade a pessoas com defici\u00eancia f\u00edsica. A medida diz respeito \u00e0 ag\u00eancia localizada no bairro Siqueira Campos, em Aracaju, e uma no munic\u00edpio de Nossa Senhora do Socorro.<\/p>\n<p style=\"text-align: justify;\">O juiz federal Ronivon de Arag\u00e3o deferiu o pedido do MPF\/SE e os Correios dever\u00e3o, no prazo de 180 dias, iniciar o procedimento de adequa\u00e7\u00e3o da estrutura arquitet\u00f4nica de suas ag\u00eancias para atender \u00e0s normas de acessibilidade voltadas \u00e0s pessoas com defici\u00eancia f\u00edsica ou com dificuldades de locomo\u00e7\u00e3o.<\/p>\n<p style=\"text-align: justify;\">A constru\u00e7\u00e3o, amplia\u00e7\u00e3o ou reforma de edif\u00edcios p\u00fablicos ou privados destinados ao uso coletivo dever\u00e3o ser executadas de modo que sejam ou se tornem acess\u00edveis. Os pr\u00e9dios devem ter vagas reservadas para pessoas com defici\u00eancia, acessos internos livres de barreiras que dificultem a acessibilidade e pelo menos um banheiro acess\u00edvel, com equipamentos e acess\u00f3rios compat\u00edveis com as necessidades dos cidad\u00e3os.<\/p>\n<p style=\"text-align: justify;\"><strong>O n\u00famero da a\u00e7\u00e3o \u00e9 0001031-70.2012.4.05.8500<\/strong><\/p>\n","protected":false},"excerpt":{"rendered":"<p>As ag\u00eancias dever\u00e3o ser reformadas no prazo de 180 dias A Justi\u00e7a Federal (JF) acatou o pedido do Minist\u00e9rio P\u00fablico Federal em Sergipe (MPF\/SE) e concedeu uma liminar que determina que os Correios ofere\u00e7am condi\u00e7\u00f5es de acessibilidade a pessoas com defici\u00eancia f\u00edsica. A medida diz respeito \u00e0 ag\u00eancia localizada no bairro Siqueira Campos, em Aracaju, [&hellip;]<\/p>\n","protected":false},"author":3,"featured_media":10345,"comment_status":"closed","ping_status":"closed","sticky":false,"template":"","format":"standard","meta":{"footnotes":""},"categories":[38],"tags":[],"class_list":{"0":"post-33516","1":"post","2":"type-post","3":"status-publish","4":"format-standard","5":"has-post-thumbnail","7":"category-municipios"},"_links":{"self":[{"href":"https:\/\/senoticias.com.br\/se\/wp-json\/wp\/v2\/posts\/33516"}],"collection":[{"href":"https:\/\/senoticias.com.br\/se\/wp-json\/wp\/v2\/posts"}],"about":[{"href":"https:\/\/senoticias.com.br\/se\/wp-json\/wp\/v2\/types\/post"}],"author":[{"embeddable":true,"href":"https:\/\/senoticias.com.br\/se\/wp-json\/wp\/v2\/users\/3"}],"replies":[{"embeddable":true,"href":"https:\/\/senoticias.com.br\/se\/wp-json\/wp\/v2\/comments?post=33516"}],"version-history":[{"count":0,"href":"https:\/\/senoticias.com.br\/se\/wp-json\/wp\/v2\/posts\/33516\/revisions"}],"wp:featuredmedia":[{"embeddable":true,"href":"https:\/\/senoticias.com.br\/se\/wp-json\/wp\/v2\/media\/10345"}],"wp:attachment":[{"href":"https:\/\/senoticias.com.br\/se\/wp-json\/wp\/v2\/media?parent=33516"}],"wp:term":[{"taxonomy":"category","embeddable":true,"href":"https:\/\/senoticias.com.br\/se\/wp-json\/wp\/v2\/categories?post=33516"},{"taxonomy":"post_tag","embeddable":true,"href":"https:\/\/senoticias.com.br\/se\/wp-json\/wp\/v2\/tags?post=33516"}],"curies":[{"name":"wp","href":"https:\/\/api.w.org\/{rel}","templated":true}]}}