{"id":33511,"date":"2012-05-30T15:32:18","date_gmt":"2012-05-30T18:32:18","guid":{"rendered":"http:\/\/senoticias.com.br\/se\/?p=33511"},"modified":"2012-05-31T13:59:19","modified_gmt":"2012-05-31T16:59:19","slug":"tecnicos-administrativos-da-ufs-decidem-indicativo-de-greve-nesta-sexta-feira","status":"publish","type":"post","link":"https:\/\/senoticias.com.br\/se\/tecnicos-administrativos-da-ufs-decidem-indicativo-de-greve-nesta-sexta-feira\/","title":{"rendered":"T\u00e9cnicos Administrativos da UFS decidem indicativo de greve nesta sexta-feira"},"content":{"rendered":"<p>&nbsp;<\/p>\n<div id=\"attachment_33512\" style=\"width: 310px\" class=\"wp-caption alignleft\"><a href=\"http:\/\/senoticias.com.br\/se\/wp-content\/uploads\/2012\/05\/546421_305368412874651_100002044856209_674417_1903422651_n.jpg\"><img loading=\"lazy\" decoding=\"async\" aria-describedby=\"caption-attachment-33512\" class=\"size-medium wp-image-33512\" title=\"546421_305368412874651_100002044856209_674417_1903422651_n\" src=\"http:\/\/senoticias.com.br\/se\/wp-content\/uploads\/2012\/05\/546421_305368412874651_100002044856209_674417_1903422651_n-300x201.jpg\" alt=\"\" width=\"300\" height=\"201\" srcset=\"https:\/\/senoticias.com.br\/se\/wp-content\/uploads\/2012\/05\/546421_305368412874651_100002044856209_674417_1903422651_n-300x201.jpg 300w, https:\/\/senoticias.com.br\/se\/wp-content\/uploads\/2012\/05\/546421_305368412874651_100002044856209_674417_1903422651_n-342x229.jpg 342w, https:\/\/senoticias.com.br\/se\/wp-content\/uploads\/2012\/05\/546421_305368412874651_100002044856209_674417_1903422651_n.jpg 768w\" sizes=\"(max-width: 300px) 100vw, 300px\" \/><\/a><p id=\"caption-attachment-33512\" class=\"wp-caption-text\">T\u00e9cnicos Administrativos da UFS decidem indicativo de greve nesta sexta-feira \/ Reprodu\u00e7\u00e3o<\/p><\/div>\n<p style=\"text-align: justify;\">Nesta sexta-feira, 1\u00ba de Junho, o Sindicato dos Trabalhadores da UFS (SINTUFS) realiza uma Assembleia Geral Extraordin\u00e1ria para tratar de diversos assuntos, dentre eles, escolha de delegados para a plen\u00e1ria da FASUBRA dias 3 e 4 de Junho em Bras\u00edlia, discuss\u00e3o e delibera\u00e7\u00e3o sobre a Marcha dos Servidores P\u00fablicos Federais (SPF&#8217;s), dia 5 de Maio, tamb\u00e9m em Bras\u00edlia, e sobre o indicativo de greve dos SPF&#8217;s para o dia 11 de Junho. A Assembleia ter\u00e1 in\u00edcio a partir das 9h da manh\u00e3, no Restaurante Universit\u00e1rio da UFS (RESUN) localizado no Campus S\u00e3o Crist\u00f3v\u00e3o.<\/p>\n<p style=\"text-align: justify;\">Na quest\u00e3o sobre a deflagra\u00e7\u00e3o da greve dos servidores da UFS, Manoel Messias de Jesus, diretor de comunica\u00e7\u00e3o sindical do SINTUFS acredita que os trabalhadores das Universidades decidir\u00e3o sobre a deflagra\u00e7\u00e3o da greve de acordo com a sinaliza\u00e7\u00e3o do Governo.<\/p>\n<p style=\"text-align: justify;\">&#8220;Todos os servidores p\u00fablicos federais est\u00e3o mobilizados para deflagra\u00e7\u00e3o da greve nessa data de 11 de Junho. N\u00f3s, das universidades, demos o prazo at\u00e9 30 de Maio para o Governo apresentar uma proposta concreta. Caso n\u00e3o aconte\u00e7a, nessa assembleia do dia 1 de Junho, os t\u00e9cnicos administrativos da UFS decidiram o indicativo da nossa greve&#8221;, pontuou Manoel Messias. O SINTUFS ressalta que a participa\u00e7\u00e3o de todos os t\u00e9cnicos administrativos da UFS \u00e9 fundamental para a constru\u00e7\u00e3o da luta da categoria neste momento de intransig\u00eancia do Governo.<\/p>\n<p style=\"text-align: justify;\"><strong>SERVI\u00c7O<\/strong><br \/>\nO qu\u00ea: Assembl\u00e9ia dos T\u00e9cnicos Administrativos da Universidade Federal de Sergipe<br \/>\nQuando: Sexta-feira, 1\u00ba de Junho, a partir das 9 horas da manh\u00e3<br \/>\nOnde: Hall do Restaurante Universit\u00e1rio da UFS (RESUN) localizado no Campus S\u00e3o Crist\u00f3v\u00e3o.<\/p>\n<p style=\"text-align: justify;\"><strong>Ascom\/CUT<\/strong><\/p>\n","protected":false},"excerpt":{"rendered":"<p>&nbsp; Nesta sexta-feira, 1\u00ba de Junho, o Sindicato dos Trabalhadores da UFS (SINTUFS) realiza uma Assembleia Geral Extraordin\u00e1ria para tratar de diversos assuntos, dentre eles, escolha de delegados para a plen\u00e1ria da FASUBRA dias 3 e 4 de Junho em Bras\u00edlia, discuss\u00e3o e delibera\u00e7\u00e3o sobre a Marcha dos Servidores P\u00fablicos Federais (SPF&#8217;s), dia 5 de [&hellip;]<\/p>\n","protected":false},"author":3,"featured_media":33512,"comment_status":"closed","ping_status":"closed","sticky":false,"template":"","format":"standard","meta":{"footnotes":""},"categories":[38],"tags":[],"class_list":{"0":"post-33511","1":"post","2":"type-post","3":"status-publish","4":"format-standard","5":"has-post-thumbnail","7":"category-municipios"},"_links":{"self":[{"href":"https:\/\/senoticias.com.br\/se\/wp-json\/wp\/v2\/posts\/33511"}],"collection":[{"href":"https:\/\/senoticias.com.br\/se\/wp-json\/wp\/v2\/posts"}],"about":[{"href":"https:\/\/senoticias.com.br\/se\/wp-json\/wp\/v2\/types\/post"}],"author":[{"embeddable":true,"href":"https:\/\/senoticias.com.br\/se\/wp-json\/wp\/v2\/users\/3"}],"replies":[{"embeddable":true,"href":"https:\/\/senoticias.com.br\/se\/wp-json\/wp\/v2\/comments?post=33511"}],"version-history":[{"count":0,"href":"https:\/\/senoticias.com.br\/se\/wp-json\/wp\/v2\/posts\/33511\/revisions"}],"wp:featuredmedia":[{"embeddable":true,"href":"https:\/\/senoticias.com.br\/se\/wp-json\/wp\/v2\/media\/33512"}],"wp:attachment":[{"href":"https:\/\/senoticias.com.br\/se\/wp-json\/wp\/v2\/media?parent=33511"}],"wp:term":[{"taxonomy":"category","embeddable":true,"href":"https:\/\/senoticias.com.br\/se\/wp-json\/wp\/v2\/categories?post=33511"},{"taxonomy":"post_tag","embeddable":true,"href":"https:\/\/senoticias.com.br\/se\/wp-json\/wp\/v2\/tags?post=33511"}],"curies":[{"name":"wp","href":"https:\/\/api.w.org\/{rel}","templated":true}]}}